{"id":329,"date":"2010-12-15T17:05:20","date_gmt":"2010-12-15T17:05:20","guid":{"rendered":"http:\/\/joanardevol.org\/info\/?p=329"},"modified":"2010-12-15T17:05:20","modified_gmt":"2010-12-15T17:05:20","slug":"nova-seccio-album-de-fotos","status":"publish","type":"post","link":"https:\/\/agora.xtec.cat\/escjoanardevol\/general\/nova-seccio-album-de-fotos\/","title":{"rendered":"Nova secci\u00f3: \u00c0lbums de fotos"},"content":{"rendered":"<p>A la part dreta de la p\u00e0gina podreu accedir a la nova secci\u00f3:<\/p>\n<p><a href=\"http:\/\/joanardevol.org\/info\/?page_id=327\"><img loading=\"lazy\" decoding=\"async\" class=\"alignnone size-full wp-image-326\" title=\"albums2\" src=\"http:\/\/joanardevol.org\/info\/wp-content\/uploads\/2010\/12\/albums2.gif\" alt=\"\" width=\"332\" height=\"85\" \/><\/a><\/p>\n<p>Ara tot just est\u00e0 comen\u00e7ant, per\u00f2 esperem que de mica en mica vagi creixent i puguem oferir el servei que tots espereu.<\/p>\n<p>Igualment, per\u00f2, si detecteu alguna imatge que no \u00e9s apropiada, us preguem que ens ho feu saber com m\u00e9s aviat millor a la secretaria de l&#8217;escola, o b\u00e9 trucant-nos al 977360640 o millor per correu electr\u00f2nic <a href=\"mailto:escola@joanardevol.org\">escola@joanardevol.org<\/a><\/p>\n<p>Moltes gr\u00e0cies!!<\/p>\n","protected":false},"excerpt":{"rendered":"<p>A la part dreta de la p\u00e0gina podreu accedir a la nova secci\u00f3:<br \/>\n<a href=\"http:\/\/joanardevol.org\/info\/?page_id=327\"><\/a><br \/>\nAra tot just est\u00e0 comen\u00e7ant, per\u00f2 esperem que de mica en mica vagi creixent i puguem oferir el servei que tots espereu.<br \/>\nIgualment, per\u00f2, si detecteu alguna imatge que no \u00e9s apropiada, us&hellip;  <a href=\"https:\/\/agora.xtec.cat\/escjoanardevol\/general\/nova-seccio-album-de-fotos\/\" title=\"Read Nova secci\u00f3: \u00c0lbums de fotos\">Llegeix m\u00e9s\u00bb<\/a><\/p>\n","protected":false},"author":1,"featured_media":0,"comment_status":"open","ping_status":"open","sticky":false,"template":"","format":"standard","meta":{"_bbp_topic_count":0,"_bbp_reply_count":0,"_bbp_total_topic_count":0,"_bbp_total_reply_count":0,"_bbp_voice_count":0,"_bbp_anonymous_reply_count":0,"_bbp_topic_count_hidden":0,"_bbp_reply_count_hidden":0,"_bbp_forum_subforum_count":0,"footnotes":""},"categories":[1],"tags":[116],"class_list":["post-329","post","type-post","status-publish","format-standard","hentry","category-general","tag-fotos"],"post_mailing_queue_ids":[],"_links":{"self":[{"href":"https:\/\/agora.xtec.cat\/escjoanardevol\/wp-json\/wp\/v2\/posts\/329","targetHints":{"allow":["GET"]}}],"collection":[{"href":"https:\/\/agora.xtec.cat\/escjoanardevol\/wp-json\/wp\/v2\/posts"}],"about":[{"href":"https:\/\/agora.xtec.cat\/escjoanardevol\/wp-json\/wp\/v2\/types\/post"}],"author":[{"embeddable":true,"href":"https:\/\/agora.xtec.cat\/escjoanardevol\/wp-json\/wp\/v2\/users\/1"}],"replies":[{"embeddable":true,"href":"https:\/\/agora.xtec.cat\/escjoanardevol\/wp-json\/wp\/v2\/comments?post=329"}],"version-history":[{"count":0,"href":"https:\/\/agora.xtec.cat\/escjoanardevol\/wp-json\/wp\/v2\/posts\/329\/revisions"}],"wp:attachment":[{"href":"https:\/\/agora.xtec.cat\/escjoanardevol\/wp-json\/wp\/v2\/media?parent=329"}],"wp:term":[{"taxonomy":"category","embeddable":true,"href":"https:\/\/agora.xtec.cat\/escjoanardevol\/wp-json\/wp\/v2\/categories?post=329"},{"taxonomy":"post_tag","embeddable":true,"href":"https:\/\/agora.xtec.cat\/escjoanardevol\/wp-json\/wp\/v2\/tags?post=329"}],"curies":[{"name":"wp","href":"https:\/\/api.w.org\/{rel}","templated":true}]}}