{"id":322,"date":"2010-12-15T11:43:05","date_gmt":"2010-12-15T11:43:05","guid":{"rendered":"http:\/\/joanardevol.org\/primaria\/?p=99"},"modified":"2010-12-15T11:43:05","modified_gmt":"2010-12-15T11:43:05","slug":"visita-a-la-1%c2%aa-exposicio-ornitologica-de-cambrils","status":"publish","type":"post","link":"https:\/\/agora.xtec.cat\/escjoanardevol\/general\/visita-a-la-1%c2%aa-exposicio-ornitologica-de-cambrils\/","title":{"rendered":"VISITA A LA 1\u00aa EXPOSICI\u00d3 ORNITOL\u00d2GICA DE CAMBRILS"},"content":{"rendered":"<p>Dijous dia 2 de desembre vam anar a veure una exposici\u00f3 d\u2019ocells. Haviem d\u2019anar a la Cooperativa que hi ha a la carretera de Montbri\u00f3. Ens va venir a buscar el trenet i nosaltres est\u00e0vem molt contents. Vam cantar i tot.<\/p>\n<p><a href=\"http:\/\/joanardevol.org\/primaria\/wp-content\/uploads\/2010\/12\/orni-trenet.jpg\"><img loading=\"lazy\" decoding=\"async\" class=\"aligncenter size-medium wp-image-103\" title=\"Els alumnes van amb trenet cap al seu dest\u00ed.\" src=\"http:\/\/joanardevol.org\/primaria\/wp-content\/uploads\/2010\/12\/orni-trenet-300x225.jpg\" alt=\"\" width=\"300\" height=\"225\" \/><\/a><\/p>\n<p>Vam veure canaris de moltes maneres. De diferents colors:<\/p>\n<p style=\"text-align: center;\">\n<p style=\"text-align: center;\"><a href=\"http:\/\/joanardevol.org\/primaria\/wp-content\/uploads\/2010\/12\/ocell1.jpg\"><img loading=\"lazy\" decoding=\"async\" class=\"alignleft size-thumbnail wp-image-100\" title=\"Canari blanc\" src=\"http:\/\/joanardevol.org\/primaria\/wp-content\/uploads\/2010\/12\/ocell1-150x150.jpg\" alt=\"\" width=\"150\" height=\"150\" \/><\/a><a href=\"http:\/\/joanardevol.org\/primaria\/wp-content\/uploads\/2010\/12\/ocell-2.jpg\"><img loading=\"lazy\" decoding=\"async\" class=\"size-thumbnail wp-image-101 alignleft\" title=\"Canari groc\" src=\"http:\/\/joanardevol.org\/primaria\/wp-content\/uploads\/2010\/12\/ocell-2-150x150.jpg\" alt=\"\" width=\"150\" height=\"150\" \/><\/a><a href=\"http:\/\/joanardevol.org\/primaria\/wp-content\/uploads\/2010\/12\/ocell-3.jpg\"><img loading=\"lazy\" decoding=\"async\" class=\"size-thumbnail wp-image-102 alignleft\" title=\"ocell 3\" src=\"http:\/\/joanardevol.org\/primaria\/wp-content\/uploads\/2010\/12\/ocell-3-150x150.jpg\" alt=\"\" width=\"150\" height=\"150\" \/><\/a><\/p>\n<p style=\"text-align: left;\">\n<p>Altres tenien les plomes despentinades, eren molt presumits o fins i tot t\u00edmids:<\/p>\n<p><a href=\"http:\/\/joanardevol.org\/primaria\/wp-content\/uploads\/2010\/12\/ocell-4.jpg\"><img loading=\"lazy\" decoding=\"async\" class=\"alignleft size-thumbnail wp-image-105\" title=\"Canari despentinat\" src=\"http:\/\/joanardevol.org\/primaria\/wp-content\/uploads\/2010\/12\/ocell-4-150x150.jpg\" alt=\"\" width=\"150\" height=\"150\" \/><\/a><a href=\"http:\/\/joanardevol.org\/primaria\/wp-content\/uploads\/2010\/12\/despentinat.jpg\"><img loading=\"lazy\" decoding=\"async\" class=\"size-thumbnail wp-image-107  alignnone\" title=\" Canari despentinat\" src=\"http:\/\/joanardevol.org\/primaria\/wp-content\/uploads\/2010\/12\/despentinat-150x150.jpg\" alt=\"\" width=\"150\" height=\"150\" \/><\/a><a href=\"http:\/\/joanardevol.org\/primaria\/wp-content\/uploads\/2010\/12\/timid.jpg\"><img loading=\"lazy\" decoding=\"async\" class=\"size-thumbnail wp-image-108   alignleft\" title=\"Canari amagant el cap\" src=\"http:\/\/joanardevol.org\/primaria\/wp-content\/uploads\/2010\/12\/timid-150x150.jpg\" alt=\"\" width=\"150\" height=\"150\" \/><\/a><\/p>\n<p>Tots eren molt bonics i ens va agradar molt anar-hi.<\/p>\n<p>Ens ho vam passar molt b\u00e9!<\/p>\n<p style=\"text-align: center;\"><a href=\"http:\/\/joanardevol.org\/primaria\/wp-content\/uploads\/2010\/12\/nens.jpg\" ><img loading=\"lazy\" decoding=\"async\" class=\"size-medium wp-image-109 aligncenter\" src=\"http:\/\/joanardevol.org\/primaria\/wp-content\/uploads\/2010\/12\/nens-300x225.jpg\" alt=\"\" width=\"300\" height=\"225\" \/><\/a><\/p>\n","protected":false},"excerpt":{"rendered":"<p>Dijous dia 2 de desembre vam anar a veure una exposici\u00f3 d\u2019ocells. Haviem d\u2019anar a la Cooperativa que hi ha a la carretera de Montbri\u00f3. Ens va venir a buscar el trenet i nosaltres est\u00e0vem molt contents. Vam cantar i &#8230; <a href=\"http:\/\/joanardevol.org\/primaria\/?p=99\">Continua llegint <span>&#8594;<\/span><\/a>&hellip;  <a href=\"https:\/\/agora.xtec.cat\/escjoanardevol\/general\/visita-a-la-1%c2%aa-exposicio-ornitologica-de-cambrils\/\" title=\"Read VISITA A LA 1\u00aa EXPOSICI\u00d3 ORNITOL\u00d2GICA DE CAMBRILS\">Llegeix m\u00e9s\u00bb<\/a><\/p>\n","protected":false},"author":1,"featured_media":0,"comment_status":"open","ping_status":"closed","sticky":false,"template":"","format":"standard","meta":{"_bbp_topic_count":0,"_bbp_reply_count":0,"_bbp_total_topic_count":0,"_bbp_total_reply_count":0,"_bbp_voice_count":0,"_bbp_anonymous_reply_count":0,"_bbp_topic_count_hidden":0,"_bbp_reply_count_hidden":0,"_bbp_forum_subforum_count":0,"footnotes":""},"categories":[10,1],"tags":[],"class_list":["post-322","post","type-post","status-publish","format-standard","hentry","category-1r","category-general"],"post_mailing_queue_ids":[],"_links":{"self":[{"href":"https:\/\/agora.xtec.cat\/escjoanardevol\/wp-json\/wp\/v2\/posts\/322","targetHints":{"allow":["GET"]}}],"collection":[{"href":"https:\/\/agora.xtec.cat\/escjoanardevol\/wp-json\/wp\/v2\/posts"}],"about":[{"href":"https:\/\/agora.xtec.cat\/escjoanardevol\/wp-json\/wp\/v2\/types\/post"}],"author":[{"embeddable":true,"href":"https:\/\/agora.xtec.cat\/escjoanardevol\/wp-json\/wp\/v2\/users\/1"}],"replies":[{"embeddable":true,"href":"https:\/\/agora.xtec.cat\/escjoanardevol\/wp-json\/wp\/v2\/comments?post=322"}],"version-history":[{"count":0,"href":"https:\/\/agora.xtec.cat\/escjoanardevol\/wp-json\/wp\/v2\/posts\/322\/revisions"}],"wp:attachment":[{"href":"https:\/\/agora.xtec.cat\/escjoanardevol\/wp-json\/wp\/v2\/media?parent=322"}],"wp:term":[{"taxonomy":"category","embeddable":true,"href":"https:\/\/agora.xtec.cat\/escjoanardevol\/wp-json\/wp\/v2\/categories?post=322"},{"taxonomy":"post_tag","embeddable":true,"href":"https:\/\/agora.xtec.cat\/escjoanardevol\/wp-json\/wp\/v2\/tags?post=322"}],"curies":[{"name":"wp","href":"https:\/\/api.w.org\/{rel}","templated":true}]}}