{"id":3165,"date":"2015-11-16T11:00:15","date_gmt":"2015-11-16T10:00:15","guid":{"rendered":"http:\/\/joanardevol.org\/info\/?p=3165"},"modified":"2015-11-16T11:00:15","modified_gmt":"2015-11-16T10:00:15","slug":"consell-de-delegats-primera-reunio-del-curs-2015-2016","status":"publish","type":"post","link":"https:\/\/agora.xtec.cat\/escjoanardevol\/general\/consell-de-delegats-primera-reunio-del-curs-2015-2016\/","title":{"rendered":"Consell de delegats: primera reuni\u00f3 del curs 2015-2016"},"content":{"rendered":"<p>El divendres, 13 de novembre, vam celebrar la primera reuni\u00f3 del consell de delegats.<\/p>\n<p>En tractar-se de la primera reuni\u00f3, vam presentar els nous delegats i delegades amb el sotsdelegats i sotsdelegades de cada classe d&#8217;educaci\u00f3 prim\u00e0ria i vam recordar les <strong>funcions del delegat i del consell de delegats<\/strong>.<\/p>\n<p>Els representants de cada classe van exposar les inquietuds sorgides de les <strong>assemblees de classe<\/strong>, moltes d&#8217;elles encaminades a <span style=\"text-decoration: underline;\">millorar el temps del pati i l&#8217;escola en general<\/span>. Es van presentar moltes <span style=\"text-decoration: underline;\">propostes innovadores<\/span>. Les propostes del temps del pati seran estudiades per la comissi\u00f3 de pati per tal de fer-les viables. \u00c9s molt important que la veu dels alumnes sigui tinguda en compte ja que pretenem que la responsabilitat sigui compartida i tamb\u00e9 fer cr\u00e9ixer l&#8217;esperit democr\u00e0tic amb la <strong>participaci\u00f3 real de tots els alumnes<\/strong>.<\/p>\n<p>[simpleviewer gallery_id=&#8221;2&#8243;]<\/p>\n","protected":false},"excerpt":{"rendered":"<p>El divendres, 13 de novembre, vam celebrar la primera reuni\u00f3 del consell de delegats.<br \/>\nEn tractar-se de la primera reuni\u00f3, vam presentar els nous delegats i delegades amb el sotsdelegats i sotsdelegades de cada classe d&#8217;educaci\u00f3 prim\u00e0ria i vam recordar les funcions del delegat i del&hellip;  <a href=\"https:\/\/agora.xtec.cat\/escjoanardevol\/general\/consell-de-delegats-primera-reunio-del-curs-2015-2016\/\" title=\"Read Consell de delegats: primera reuni\u00f3 del curs 2015-2016\">Llegeix m\u00e9s\u00bb<\/a><\/p>\n","protected":false},"author":1,"featured_media":3250,"comment_status":"closed","ping_status":"open","sticky":false,"template":"","format":"standard","meta":{"_bbp_topic_count":0,"_bbp_reply_count":0,"_bbp_total_topic_count":0,"_bbp_total_reply_count":0,"_bbp_voice_count":0,"_bbp_anonymous_reply_count":0,"_bbp_topic_count_hidden":0,"_bbp_reply_count_hidden":0,"_bbp_forum_subforum_count":0,"footnotes":""},"categories":[1],"tags":[91,93,94,99,151,187],"class_list":["post-3165","post","type-post","status-publish","format-standard","has-post-thumbnail","hentry","category-general","tag-consell-de-delegats","tag-convivencia","tag-cooperacio","tag-democracia","tag-participacio","tag-valors"],"post_mailing_queue_ids":[],"_links":{"self":[{"href":"https:\/\/agora.xtec.cat\/escjoanardevol\/wp-json\/wp\/v2\/posts\/3165","targetHints":{"allow":["GET"]}}],"collection":[{"href":"https:\/\/agora.xtec.cat\/escjoanardevol\/wp-json\/wp\/v2\/posts"}],"about":[{"href":"https:\/\/agora.xtec.cat\/escjoanardevol\/wp-json\/wp\/v2\/types\/post"}],"author":[{"embeddable":true,"href":"https:\/\/agora.xtec.cat\/escjoanardevol\/wp-json\/wp\/v2\/users\/1"}],"replies":[{"embeddable":true,"href":"https:\/\/agora.xtec.cat\/escjoanardevol\/wp-json\/wp\/v2\/comments?post=3165"}],"version-history":[{"count":0,"href":"https:\/\/agora.xtec.cat\/escjoanardevol\/wp-json\/wp\/v2\/posts\/3165\/revisions"}],"wp:featuredmedia":[{"embeddable":true,"href":"https:\/\/agora.xtec.cat\/escjoanardevol\/wp-json\/wp\/v2\/media\/3250"}],"wp:attachment":[{"href":"https:\/\/agora.xtec.cat\/escjoanardevol\/wp-json\/wp\/v2\/media?parent=3165"}],"wp:term":[{"taxonomy":"category","embeddable":true,"href":"https:\/\/agora.xtec.cat\/escjoanardevol\/wp-json\/wp\/v2\/categories?post=3165"},{"taxonomy":"post_tag","embeddable":true,"href":"https:\/\/agora.xtec.cat\/escjoanardevol\/wp-json\/wp\/v2\/tags?post=3165"}],"curies":[{"name":"wp","href":"https:\/\/api.w.org\/{rel}","templated":true}]}}