{"id":3160,"date":"2015-11-13T13:18:34","date_gmt":"2015-11-13T12:18:34","guid":{"rendered":"http:\/\/joanardevol.org\/info\/?p=3160"},"modified":"2015-11-13T13:18:34","modified_gmt":"2015-11-13T12:18:34","slug":"xx-setmana-de-la-ciencia","status":"publish","type":"post","link":"https:\/\/agora.xtec.cat\/escjoanardevol\/general\/xx-setmana-de-la-ciencia\/","title":{"rendered":"XX SETMANA DE LA CI\u00c8NCIA"},"content":{"rendered":"<p>Del 13 al 22 de novembre se celebra la XX Setmana de la Ci\u00e8ncia que t\u00e9 com a objectiu fonamental despertar i potenciar l\u2019inter\u00e8s dels m\u00e9s joves sobre els temes cient\u00edfics i tecnol\u00f2gics.<br \/>\nEls temes centrals de l\u2019edici\u00f3 d\u2019enguany s\u00f3n la llum i els s\u00f2ls amb motiu de la celebraci\u00f3 de: \u201c<strong>L\u2019Any internacional de la Llum i de les Tecnologies basades en la Llum<\/strong>\u201d i \u201c<strong>L\u2019any internacional dels S\u00f2ls<\/strong>\u201d.<br \/>\nA l\u2019escola ens centrarem en activitats referents a \u201c<strong>La Llum i les Tecnologies basades en la Llum<\/strong>\u201d.<br \/>\nDurant aquesta setmana s\u2019organitzen arreu de Catalunya un conjunt d\u2019activitats relacionades amb la ci\u00e8ncia. Us animem a participar-hi.<br \/>\nDes de l\u2019escola volem participar tamb\u00e9 en aquesta celebraci\u00f3 amb l\u2019organitzaci\u00f3 d\u2019algunes activitats a les aules i en la convocat\u00f2ria del <strong>VII Concurs de fotografia cient\u00edfica<\/strong>.<\/p>\n<p><a href=\"http:\/\/agora.xtec.cat\/escjoanardevol\/wp-content\/uploads\/usu550\/2015\/11\/Setmana-de-la-ci\u00e8ncia-15-16.pdf\" target=\"_blank\"><img loading=\"lazy\" decoding=\"async\" class=\"wp-image-3162 aligncenter\" src=\"http:\/\/agora.xtec.cat\/escjoanardevol\/wp-content\/uploads\/usu550\/2015\/11\/Cartell-Setmana-de-la-ci\u00e8ncia-15-16b.jpg\" alt=\"Cartell Setmana de la ci\u00e8ncia 15-16b\" width=\"600\" height=\"424\" srcset=\"https:\/\/agora.xtec.cat\/escjoanardevol\/wp-content\/uploads\/usu550\/2015\/11\/Cartell-Setmana-de-la-ci\u00e8ncia-15-16b.jpg 827w, https:\/\/agora.xtec.cat\/escjoanardevol\/wp-content\/uploads\/usu550\/2015\/11\/Cartell-Setmana-de-la-ci\u00e8ncia-15-16b-300x212.jpg 300w, https:\/\/agora.xtec.cat\/escjoanardevol\/wp-content\/uploads\/usu550\/2015\/11\/Cartell-Setmana-de-la-ci\u00e8ncia-15-16b-768x543.jpg 768w\" sizes=\"auto, (max-width: 600px) 100vw, 600px\" \/><\/a><\/p>\n","protected":false},"excerpt":{"rendered":"<p>Del 13 al 22 de novembre se celebra la XX Setmana de la Ci\u00e8ncia que t\u00e9 com a objectiu fonamental despertar i potenciar l\u2019inter\u00e8s dels m\u00e9s joves sobre els temes cient\u00edfics i tecnol\u00f2gics.<br \/>\nEls temes centrals de l\u2019edici\u00f3 d\u2019enguany s\u00f3n la llum i els s\u00f2ls amb&hellip;  <a href=\"https:\/\/agora.xtec.cat\/escjoanardevol\/general\/xx-setmana-de-la-ciencia\/\" title=\"Read XX SETMANA DE LA CI\u00c8NCIA\">Llegeix m\u00e9s\u00bb<\/a><\/p>\n","protected":false},"author":1,"featured_media":3199,"comment_status":"closed","ping_status":"open","sticky":false,"template":"","format":"standard","meta":{"_bbp_topic_count":0,"_bbp_reply_count":0,"_bbp_total_topic_count":0,"_bbp_total_reply_count":0,"_bbp_voice_count":0,"_bbp_anonymous_reply_count":0,"_bbp_topic_count_hidden":0,"_bbp_reply_count_hidden":0,"_bbp_forum_subforum_count":0,"footnotes":""},"categories":[1],"tags":[80,89,116,140],"class_list":["post-3160","post","type-post","status-publish","format-standard","has-post-thumbnail","hentry","category-general","tag-ciencies","tag-concursos","tag-fotos","tag-medi"],"post_mailing_queue_ids":[],"_links":{"self":[{"href":"https:\/\/agora.xtec.cat\/escjoanardevol\/wp-json\/wp\/v2\/posts\/3160","targetHints":{"allow":["GET"]}}],"collection":[{"href":"https:\/\/agora.xtec.cat\/escjoanardevol\/wp-json\/wp\/v2\/posts"}],"about":[{"href":"https:\/\/agora.xtec.cat\/escjoanardevol\/wp-json\/wp\/v2\/types\/post"}],"author":[{"embeddable":true,"href":"https:\/\/agora.xtec.cat\/escjoanardevol\/wp-json\/wp\/v2\/users\/1"}],"replies":[{"embeddable":true,"href":"https:\/\/agora.xtec.cat\/escjoanardevol\/wp-json\/wp\/v2\/comments?post=3160"}],"version-history":[{"count":0,"href":"https:\/\/agora.xtec.cat\/escjoanardevol\/wp-json\/wp\/v2\/posts\/3160\/revisions"}],"wp:featuredmedia":[{"embeddable":true,"href":"https:\/\/agora.xtec.cat\/escjoanardevol\/wp-json\/"}],"wp:attachment":[{"href":"https:\/\/agora.xtec.cat\/escjoanardevol\/wp-json\/wp\/v2\/media?parent=3160"}],"wp:term":[{"taxonomy":"category","embeddable":true,"href":"https:\/\/agora.xtec.cat\/escjoanardevol\/wp-json\/wp\/v2\/categories?post=3160"},{"taxonomy":"post_tag","embeddable":true,"href":"https:\/\/agora.xtec.cat\/escjoanardevol\/wp-json\/wp\/v2\/tags?post=3160"}],"curies":[{"name":"wp","href":"https:\/\/api.w.org\/{rel}","templated":true}]}}