{"id":3156,"date":"2015-11-11T17:28:03","date_gmt":"2015-11-11T16:28:03","guid":{"rendered":"http:\/\/joanardevol.org\/info\/?p=3156"},"modified":"2015-11-11T17:28:03","modified_gmt":"2015-11-11T16:28:03","slug":"colonies-p5-3","status":"publish","type":"post","link":"https:\/\/agora.xtec.cat\/escjoanardevol\/general\/colonies-p5-3\/","title":{"rendered":"Col\u00f2nies P5"},"content":{"rendered":"<p>Els dies 5 i 6 de novembre, els nens i les nenes de P5 vam anar de col\u00f2nies a la casa La Marinada de Cambrils.<br \/>\nVam pujar en vaixell, vam visitar el port i vam veure com els pescadors portaven caixes de peix acabat de pescar. Tamb\u00e9 vam gaudir d&#8217;un mat\u00ed de platja diferent, doncs per una estona ens vam convertir en pirates que busc\u00e0vem un tresor, i el vam trobar!<br \/>\nA la nit, amb les llanternes, vam ajudar l&#8217;avi Miquel a trobar una col\u00b7lecci\u00f3 de pedres que havia perdut. Ens va agradar molt poder-lo ajudar!<br \/>\nVan ser dos dies molt especials!<\/p>\n<p>[simpleviewer gallery_id=&#8221;1&#8243;]<\/p>\n<p style=\"text-align: center;\">\n<p style=\"text-align: center;\">Si voleu veure l&#8217;\u00e0lbum complet&#8230;<\/p>\n<table class=\" aligncenter\" style=\"width: 194px;\">\n<tbody>\n<tr>\n<td style=\"height: 194px; background: url('https:\/\/www.gstatic.com\/pwa\/s\/v\/lighthousefe_old_20150921.00_p1\/transparent_album_background.gif') no-repeat left;\" align=\"center\"><a href=\"https:\/\/picasaweb.google.com\/107198051835113305356\/ColoniesP5?authuser=0&amp;feat=embedwebsite\" target=\"_blank\"><img loading=\"lazy\" decoding=\"async\" class=\"alignnone\" style=\"margin: 1px 0 0 4px;\" src=\"https:\/\/lh3.googleusercontent.com\/-zx5z4XRGwAI\/VkNTw4Rde9E\/AAAAAAAABu0\/zJMMesJWs3Q\/s160-c-Ic42\/ColoniesP5.jpg\" alt=\"\" width=\"160\" height=\"160\" \/><\/a><\/td>\n<\/tr>\n<tr>\n<td style=\"text-align: center; font-family: arial,sans-serif; font-size: 11px;\"><a style=\"color: #4d4d4d; font-weight: bold; text-decoration: none;\" href=\"https:\/\/picasaweb.google.com\/107198051835113305356\/ColoniesP5?authuser=0&amp;feat=embedwebsite\">Colonies P5<\/a><\/td>\n<\/tr>\n<\/tbody>\n<\/table>\n","protected":false},"excerpt":{"rendered":"<p>Els dies 5 i 6 de novembre, els nens i les nenes de P5 vam anar de col\u00f2nies a la casa La Marinada de Cambrils.<br \/>\nVam pujar en vaixell, vam visitar el port i vam veure com els pescadors portaven caixes de peix acabat de pescar.&hellip;  <a href=\"https:\/\/agora.xtec.cat\/escjoanardevol\/general\/colonies-p5-3\/\" title=\"Read Col\u00f2nies P5\">Llegeix m\u00e9s\u00bb<\/a><\/p>\n","protected":false},"author":1,"featured_media":3205,"comment_status":"closed","ping_status":"open","sticky":false,"template":"","format":"standard","meta":{"_bbp_topic_count":0,"_bbp_reply_count":0,"_bbp_total_topic_count":0,"_bbp_total_reply_count":0,"_bbp_voice_count":0,"_bbp_anonymous_reply_count":0,"_bbp_topic_count_hidden":0,"_bbp_reply_count_hidden":0,"_bbp_forum_subforum_count":0,"footnotes":""},"categories":[1,2],"tags":[86,103,173],"class_list":["post-3156","post","type-post","status-publish","format-standard","has-post-thumbnail","hentry","category-general","category-infantil","tag-colonies","tag-educacio-infantil","tag-sortides-2"],"post_mailing_queue_ids":[],"_links":{"self":[{"href":"https:\/\/agora.xtec.cat\/escjoanardevol\/wp-json\/wp\/v2\/posts\/3156","targetHints":{"allow":["GET"]}}],"collection":[{"href":"https:\/\/agora.xtec.cat\/escjoanardevol\/wp-json\/wp\/v2\/posts"}],"about":[{"href":"https:\/\/agora.xtec.cat\/escjoanardevol\/wp-json\/wp\/v2\/types\/post"}],"author":[{"embeddable":true,"href":"https:\/\/agora.xtec.cat\/escjoanardevol\/wp-json\/wp\/v2\/users\/1"}],"replies":[{"embeddable":true,"href":"https:\/\/agora.xtec.cat\/escjoanardevol\/wp-json\/wp\/v2\/comments?post=3156"}],"version-history":[{"count":0,"href":"https:\/\/agora.xtec.cat\/escjoanardevol\/wp-json\/wp\/v2\/posts\/3156\/revisions"}],"wp:featuredmedia":[{"embeddable":true,"href":"https:\/\/agora.xtec.cat\/escjoanardevol\/wp-json\/wp\/v2\/media\/3205"}],"wp:attachment":[{"href":"https:\/\/agora.xtec.cat\/escjoanardevol\/wp-json\/wp\/v2\/media?parent=3156"}],"wp:term":[{"taxonomy":"category","embeddable":true,"href":"https:\/\/agora.xtec.cat\/escjoanardevol\/wp-json\/wp\/v2\/categories?post=3156"},{"taxonomy":"post_tag","embeddable":true,"href":"https:\/\/agora.xtec.cat\/escjoanardevol\/wp-json\/wp\/v2\/tags?post=3156"}],"curies":[{"name":"wp","href":"https:\/\/api.w.org\/{rel}","templated":true}]}}