{"id":3146,"date":"2015-11-04T16:32:11","date_gmt":"2015-11-04T15:32:11","guid":{"rendered":"http:\/\/joanardevol.org\/info\/?p=3146"},"modified":"2015-11-04T16:32:11","modified_gmt":"2015-11-04T15:32:11","slug":"cicle-superior-a-la-mussara","status":"publish","type":"post","link":"https:\/\/agora.xtec.cat\/escjoanardevol\/general\/cicle-superior-a-la-mussara\/","title":{"rendered":"Cicle superior a La Mussara"},"content":{"rendered":"<p>El passat dimecres 28 d&#8217;octubre, els nens i nenes de C.S. vam pujar a peu al refugi de la Mussara des de la poblaci\u00f3 de Vilaplana. En total vam caminar uns 6 km gaudint de la natura i en bona companyia.<br \/>\nVam realitzar una activitat f\u00edsica saludable alhora que assol\u00edem un objectiu com\u00fa amb esfor\u00e7.<br \/>\nLi agra\u00efm al Rafa Navarro la seva col\u00b7laboraci\u00f3 per fer possible aquesta meravellosa experi\u00e8ncia.<\/p>\n<p>[simpleviewer gallery_id=&#8221;3&#8243;]<\/p>\n<p style=\"text-align: center;\"><strong>Si voleu veure l&#8217;\u00e0lbum complet&#8230;<\/strong><\/p>\n<table class=\" aligncenter\" style=\"width: 194px;\">\n<tbody>\n<tr>\n<td style=\"height: 194px; background: url('https:\/\/www.gstatic.com\/pwa\/s\/v\/lighthousefe_20150907.00_p0\/transparent_album_background.gif') no-repeat left;\" align=\"center\"><a href=\"https:\/\/picasaweb.google.com\/107198051835113305356\/CicleSuperiorALaMussara?authuser=0&amp;feat=embedwebsite\" target=\"_blank\"><img loading=\"lazy\" decoding=\"async\" style=\"margin: 1px 0 0 4px;\" src=\"https:\/\/lh3.googleusercontent.com\/-oQYcYQxXuys\/Vjh7xdCHfTE\/AAAAAAAABbo\/Wo1Lr-EHgLI\/s160-c-Ic42\/CicleSuperiorALaMussara.jpg\" alt=\"\" width=\"160\" height=\"160\" \/><\/a><\/td>\n<\/tr>\n<tr>\n<td style=\"text-align: center; font-family: arial,sans-serif; font-size: 11px;\"><a style=\"color: #4d4d4d; font-weight: bold; text-decoration: none;\" href=\"https:\/\/picasaweb.google.com\/107198051835113305356\/CicleSuperiorALaMussara?authuser=0&amp;feat=embedwebsite\">Cicle superior a la Mussara<\/a><\/td>\n<\/tr>\n<\/tbody>\n<\/table>\n","protected":false},"excerpt":{"rendered":"<p>El passat dimecres 28 d&#8217;octubre, els nens i nenes de C.S. vam pujar a peu al refugi de la Mussara des de la poblaci\u00f3 de Vilaplana. En total vam caminar uns 6 km gaudint de la natura i en bona companyia.<br \/>\nVam realitzar una activitat f\u00edsica&hellip;  <a href=\"https:\/\/agora.xtec.cat\/escjoanardevol\/general\/cicle-superior-a-la-mussara\/\" title=\"Read Cicle superior a La Mussara\">Llegeix m\u00e9s\u00bb<\/a><\/p>\n","protected":false},"author":1,"featured_media":3206,"comment_status":"closed","ping_status":"open","sticky":false,"template":"","format":"standard","meta":{"_bbp_topic_count":0,"_bbp_reply_count":0,"_bbp_total_topic_count":0,"_bbp_total_reply_count":0,"_bbp_voice_count":0,"_bbp_anonymous_reply_count":0,"_bbp_topic_count_hidden":0,"_bbp_reply_count_hidden":0,"_bbp_forum_subforum_count":0,"footnotes":""},"categories":[14,1],"tags":[77,93,102,140,173],"class_list":["post-3146","post","type-post","status-publish","format-standard","has-post-thumbnail","hentry","category-5e","category-general","tag-cicle-superior-2","tag-convivencia","tag-educacio-fisica-2","tag-medi","tag-sortides-2"],"post_mailing_queue_ids":[],"_links":{"self":[{"href":"https:\/\/agora.xtec.cat\/escjoanardevol\/wp-json\/wp\/v2\/posts\/3146","targetHints":{"allow":["GET"]}}],"collection":[{"href":"https:\/\/agora.xtec.cat\/escjoanardevol\/wp-json\/wp\/v2\/posts"}],"about":[{"href":"https:\/\/agora.xtec.cat\/escjoanardevol\/wp-json\/wp\/v2\/types\/post"}],"author":[{"embeddable":true,"href":"https:\/\/agora.xtec.cat\/escjoanardevol\/wp-json\/wp\/v2\/users\/1"}],"replies":[{"embeddable":true,"href":"https:\/\/agora.xtec.cat\/escjoanardevol\/wp-json\/wp\/v2\/comments?post=3146"}],"version-history":[{"count":0,"href":"https:\/\/agora.xtec.cat\/escjoanardevol\/wp-json\/wp\/v2\/posts\/3146\/revisions"}],"wp:featuredmedia":[{"embeddable":true,"href":"https:\/\/agora.xtec.cat\/escjoanardevol\/wp-json\/wp\/v2\/media\/3206"}],"wp:attachment":[{"href":"https:\/\/agora.xtec.cat\/escjoanardevol\/wp-json\/wp\/v2\/media?parent=3146"}],"wp:term":[{"taxonomy":"category","embeddable":true,"href":"https:\/\/agora.xtec.cat\/escjoanardevol\/wp-json\/wp\/v2\/categories?post=3146"},{"taxonomy":"post_tag","embeddable":true,"href":"https:\/\/agora.xtec.cat\/escjoanardevol\/wp-json\/wp\/v2\/tags?post=3146"}],"curies":[{"name":"wp","href":"https:\/\/api.w.org\/{rel}","templated":true}]}}