{"id":3136,"date":"2015-10-27T10:51:47","date_gmt":"2015-10-27T09:51:47","guid":{"rendered":"http:\/\/joanardevol.org\/info\/?p=3136"},"modified":"2015-10-27T10:51:47","modified_gmt":"2015-10-27T09:51:47","slug":"treballs-dun-altre-planeta","status":"publish","type":"post","link":"https:\/\/agora.xtec.cat\/escjoanardevol\/general\/treballs-dun-altre-planeta\/","title":{"rendered":"Treballs d&#8217;un altre planeta!"},"content":{"rendered":"<p>Els alumnes de cinqu\u00e8 hem estat treballant el Sistema Solar i com a treball final del tema, hem fet unes maquetes incre\u00efbles on no hi ha faltat cap detall: asteroides, sat\u00e8l\u00b7lits, meteorits&#8230; N&#8217;hi ha hagut de tot tipus per\u00f2 totes han quedat precioses.<\/p>\n<p><a href=\"http:\/\/agora.xtec.cat\/escjoanardevol\/wp-content\/uploads\/usu550\/2015\/10\/IMG_0201.jpg\" target=\"_blank\"><img loading=\"lazy\" decoding=\"async\" class=\"size-medium wp-image-3137 aligncenter\" src=\"http:\/\/agora.xtec.cat\/escjoanardevol\/wp-content\/uploads\/usu550\/2015\/10\/IMG_0201-300x225.jpg\" alt=\"IMG_0201\" width=\"300\" height=\"225\" srcset=\"https:\/\/agora.xtec.cat\/escjoanardevol\/wp-content\/uploads\/usu550\/2015\/10\/IMG_0201-300x225.jpg 300w, https:\/\/agora.xtec.cat\/escjoanardevol\/wp-content\/uploads\/usu550\/2015\/10\/IMG_0201-768x576.jpg 768w, https:\/\/agora.xtec.cat\/escjoanardevol\/wp-content\/uploads\/usu550\/2015\/10\/IMG_0201-1024x768.jpg 1024w, https:\/\/agora.xtec.cat\/escjoanardevol\/wp-content\/uploads\/usu550\/2015\/10\/IMG_0201-200x150.jpg 200w, https:\/\/agora.xtec.cat\/escjoanardevol\/wp-content\/uploads\/usu550\/2015\/10\/IMG_0201.jpg 2048w\" sizes=\"auto, (max-width: 300px) 100vw, 300px\" \/><\/a><\/p>\n<p><a href=\"http:\/\/agora.xtec.cat\/escjoanardevol\/wp-content\/uploads\/usu550\/2015\/10\/IMG_0204.jpg\" target=\"_blank\"><img loading=\"lazy\" decoding=\"async\" class=\"size-medium wp-image-3138 aligncenter\" src=\"http:\/\/agora.xtec.cat\/escjoanardevol\/wp-content\/uploads\/usu550\/2015\/10\/IMG_0204-300x225.jpg\" alt=\"IMG_0204\" width=\"300\" height=\"225\" srcset=\"https:\/\/agora.xtec.cat\/escjoanardevol\/wp-content\/uploads\/usu550\/2015\/10\/IMG_0204-300x225.jpg 300w, https:\/\/agora.xtec.cat\/escjoanardevol\/wp-content\/uploads\/usu550\/2015\/10\/IMG_0204-768x576.jpg 768w, https:\/\/agora.xtec.cat\/escjoanardevol\/wp-content\/uploads\/usu550\/2015\/10\/IMG_0204-1024x768.jpg 1024w, https:\/\/agora.xtec.cat\/escjoanardevol\/wp-content\/uploads\/usu550\/2015\/10\/IMG_0204-200x150.jpg 200w, https:\/\/agora.xtec.cat\/escjoanardevol\/wp-content\/uploads\/usu550\/2015\/10\/IMG_0204.jpg 2048w\" sizes=\"auto, (max-width: 300px) 100vw, 300px\" \/><\/a><\/p>\n","protected":false},"excerpt":{"rendered":"<p>Els alumnes de cinqu\u00e8 hem estat treballant el Sistema Solar i com a treball final del tema, hem fet unes maquetes incre\u00efbles on no hi ha faltat cap detall: asteroides, sat\u00e8l\u00b7lits, meteorits&#8230; N&#8217;hi ha hagut de tot tipus per\u00f2 totes han quedat precioses.<br \/>\n<a href=\"http:\/\/agora.xtec.cat\/escjoanardevol\/wp-content\/uploads\/usu550\/2015\/10\/IMG_0201.jpg\" target=\"_blank\"><\/a><br \/>\n<a&hellip;  <a href=\"https:\/\/agora.xtec.cat\/escjoanardevol\/general\/treballs-dun-altre-planeta\/\" title=\"Read Treballs d&#8217;un altre planeta!\">Llegeix m\u00e9s\u00bb<\/a><\/p>\n","protected":false},"author":1,"featured_media":3216,"comment_status":"closed","ping_status":"open","sticky":false,"template":"","format":"standard","meta":{"_bbp_topic_count":0,"_bbp_reply_count":0,"_bbp_total_topic_count":0,"_bbp_total_reply_count":0,"_bbp_voice_count":0,"_bbp_anonymous_reply_count":0,"_bbp_topic_count_hidden":0,"_bbp_reply_count_hidden":0,"_bbp_forum_subforum_count":0,"footnotes":""},"categories":[14,1],"tags":[140,156,171,183],"class_list":["post-3136","post","type-post","status-publish","format-standard","has-post-thumbnail","hentry","category-5e","category-general","tag-medi","tag-planetes","tag-sistema-solar","tag-treballs"],"post_mailing_queue_ids":[],"_links":{"self":[{"href":"https:\/\/agora.xtec.cat\/escjoanardevol\/wp-json\/wp\/v2\/posts\/3136","targetHints":{"allow":["GET"]}}],"collection":[{"href":"https:\/\/agora.xtec.cat\/escjoanardevol\/wp-json\/wp\/v2\/posts"}],"about":[{"href":"https:\/\/agora.xtec.cat\/escjoanardevol\/wp-json\/wp\/v2\/types\/post"}],"author":[{"embeddable":true,"href":"https:\/\/agora.xtec.cat\/escjoanardevol\/wp-json\/wp\/v2\/users\/1"}],"replies":[{"embeddable":true,"href":"https:\/\/agora.xtec.cat\/escjoanardevol\/wp-json\/wp\/v2\/comments?post=3136"}],"version-history":[{"count":0,"href":"https:\/\/agora.xtec.cat\/escjoanardevol\/wp-json\/wp\/v2\/posts\/3136\/revisions"}],"wp:featuredmedia":[{"embeddable":true,"href":"https:\/\/agora.xtec.cat\/escjoanardevol\/wp-json\/wp\/v2\/media\/3216"}],"wp:attachment":[{"href":"https:\/\/agora.xtec.cat\/escjoanardevol\/wp-json\/wp\/v2\/media?parent=3136"}],"wp:term":[{"taxonomy":"category","embeddable":true,"href":"https:\/\/agora.xtec.cat\/escjoanardevol\/wp-json\/wp\/v2\/categories?post=3136"},{"taxonomy":"post_tag","embeddable":true,"href":"https:\/\/agora.xtec.cat\/escjoanardevol\/wp-json\/wp\/v2\/tags?post=3136"}],"curies":[{"name":"wp","href":"https:\/\/api.w.org\/{rel}","templated":true}]}}