{"id":313,"date":"2010-12-13T15:18:02","date_gmt":"2010-12-13T15:18:02","guid":{"rendered":"http:\/\/joanardevol.org\/info\/?p=313"},"modified":"2010-12-13T15:18:02","modified_gmt":"2010-12-13T15:18:02","slug":"el-50e-aniversari-a-la-revista-cambrils","status":"publish","type":"post","link":"https:\/\/agora.xtec.cat\/escjoanardevol\/general\/el-50e-aniversari-a-la-revista-cambrils\/","title":{"rendered":"El 50\u00e8 aniversari a la Revista Cambrils"},"content":{"rendered":"<p>La Revista Cambrils es fa ress\u00f2 de la celebraci\u00f3 del 50\u00e8 aniversari de l&#8217;escola. En la seva edici\u00f3 digital de dilluns 13 de desembre, il\u00b7lustra les jornades commemoratives amb un ampli reportatge fotogr\u00e0fic. Podeu seguir la not\u00edcia clicant <a href=\"http:\/\/www.revistacambrils.com\/index.php?c_noticia=10391\" target=\"_blank\">aqu\u00ed<\/a>.<\/p>\n<p><img loading=\"lazy\" decoding=\"async\" class=\"alignnone\" title=\"50 aniversari\" src=\"http:\/\/www.revistacambrils.com\/imatges\/2010\/12\/joan_ext.jpg\" alt=\"\" width=\"500\" height=\"328\" \/><\/p>\n","protected":false},"excerpt":{"rendered":"<p>La Revista Cambrils es fa ress\u00f2 de la celebraci\u00f3 del 50\u00e8 aniversari de l&#8217;escola. En la seva edici\u00f3 digital de dilluns 13 de desembre, il\u00b7lustra les jornades commemoratives amb un ampli reportatge fotogr\u00e0fic. Podeu seguir la not\u00edcia clicant <a href=\"http:\/\/www.revistacambrils.com\/index.php?c_noticia=10391\" target=\"_blank\">aqu\u00ed<\/a>.<\/p>\n","protected":false},"author":1,"featured_media":0,"comment_status":"open","ping_status":"open","sticky":false,"template":"","format":"standard","meta":{"_bbp_topic_count":0,"_bbp_reply_count":0,"_bbp_total_topic_count":0,"_bbp_total_reply_count":0,"_bbp_voice_count":0,"_bbp_anonymous_reply_count":0,"_bbp_topic_count_hidden":0,"_bbp_reply_count_hidden":0,"_bbp_forum_subforum_count":0,"footnotes":""},"categories":[1],"tags":[56],"class_list":["post-313","post","type-post","status-publish","format-standard","hentry","category-general","tag-50-aniversari"],"post_mailing_queue_ids":[],"_links":{"self":[{"href":"https:\/\/agora.xtec.cat\/escjoanardevol\/wp-json\/wp\/v2\/posts\/313","targetHints":{"allow":["GET"]}}],"collection":[{"href":"https:\/\/agora.xtec.cat\/escjoanardevol\/wp-json\/wp\/v2\/posts"}],"about":[{"href":"https:\/\/agora.xtec.cat\/escjoanardevol\/wp-json\/wp\/v2\/types\/post"}],"author":[{"embeddable":true,"href":"https:\/\/agora.xtec.cat\/escjoanardevol\/wp-json\/wp\/v2\/users\/1"}],"replies":[{"embeddable":true,"href":"https:\/\/agora.xtec.cat\/escjoanardevol\/wp-json\/wp\/v2\/comments?post=313"}],"version-history":[{"count":0,"href":"https:\/\/agora.xtec.cat\/escjoanardevol\/wp-json\/wp\/v2\/posts\/313\/revisions"}],"wp:attachment":[{"href":"https:\/\/agora.xtec.cat\/escjoanardevol\/wp-json\/wp\/v2\/media?parent=313"}],"wp:term":[{"taxonomy":"category","embeddable":true,"href":"https:\/\/agora.xtec.cat\/escjoanardevol\/wp-json\/wp\/v2\/categories?post=313"},{"taxonomy":"post_tag","embeddable":true,"href":"https:\/\/agora.xtec.cat\/escjoanardevol\/wp-json\/wp\/v2\/tags?post=313"}],"curies":[{"name":"wp","href":"https:\/\/api.w.org\/{rel}","templated":true}]}}