{"id":3111,"date":"2015-10-08T08:00:50","date_gmt":"2015-10-08T08:00:50","guid":{"rendered":"http:\/\/joanardevol.org\/info\/?p=3111"},"modified":"2015-10-08T08:00:50","modified_gmt":"2015-10-08T08:00:50","slug":"3111","status":"publish","type":"post","link":"https:\/\/agora.xtec.cat\/escjoanardevol\/general\/3111\/","title":{"rendered":"Els de P3 ja hem arribat i ens agrada l&#8217;escola"},"content":{"rendered":"<p>Les nenes i els nens de P3 han comen\u00e7at for\u00e7a b\u00e9 la seva primera experi\u00e8ncia a l&#8217;escola. Han gaudit de moments, que segurament recordaran durant anys, compartint jocs i joguines amb els seus companys.<br \/>\nSe&#8217;ls veu contents i feli\u00e7os a l&#8217;escola, que per a ells \u00e9s l&#8217;escola dels grans.<\/p>\n<p>[simpleviewer gallery_id=&#8221;8&#8243;]<\/p>\n<p>&nbsp;<\/p>\n<p style=\"text-align: center;\">Si voleu veure l&#8217;\u00e0lbum complet&#8230;<\/p>\n<table class=\" aligncenter\" style=\"width: 194px;\">\n<tbody>\n<tr>\n<td style=\"height: 194px; background: url('https:\/\/www.gstatic.com\/pwa\/s\/v\/lighthousefe_20151110.00_p0\/transparent_album_background.gif') no-repeat left;\" align=\"center\"><a href=\"https:\/\/picasaweb.google.com\/107198051835113305356\/AdaptacioP3?authuser=0&amp;feat=embedwebsite\" target=\"_blank\"><img loading=\"lazy\" decoding=\"async\" class=\"alignnone\" style=\"margin: 1px 0 0 4px;\" src=\"https:\/\/lh3.googleusercontent.com\/-19OXyll0yIo\/VhO04evWPtE\/AAAAAAAABcg\/tzlne2Kq78M\/s160-c-Ic42\/AdaptacioP3.jpg\" alt=\"\" width=\"160\" height=\"160\" \/><\/a><\/td>\n<\/tr>\n<tr>\n<td style=\"text-align: center; font-family: arial,sans-serif; font-size: 11px;\"><a style=\"color: #4d4d4d; font-weight: bold; text-decoration: none;\" href=\"https:\/\/picasaweb.google.com\/107198051835113305356\/AdaptacioP3?authuser=0&amp;feat=embedwebsite\" target=\"_blank\">Adaptacio P3<\/a><\/td>\n<\/tr>\n<\/tbody>\n<\/table>\n","protected":false},"excerpt":{"rendered":"<p>Les nenes i els nens de P3 han comen\u00e7at for\u00e7a b\u00e9 la seva primera experi\u00e8ncia a l&#8217;escola. Han gaudit de moments, que segurament recordaran durant anys, compartint jocs i joguines amb els seus companys.<br \/>\nSe&#8217;ls veu contents i feli\u00e7os a l&#8217;escola, que per a ells \u00e9s&hellip;  <a href=\"https:\/\/agora.xtec.cat\/escjoanardevol\/general\/3111\/\" title=\"Read Els de P3 ja hem arribat i ens agrada l&#8217;escola\">Llegeix m\u00e9s\u00bb<\/a><\/p>\n","protected":false},"author":1,"featured_media":3212,"comment_status":"closed","ping_status":"open","sticky":false,"template":"","format":"standard","meta":{"_bbp_topic_count":0,"_bbp_reply_count":0,"_bbp_total_topic_count":0,"_bbp_total_reply_count":0,"_bbp_voice_count":0,"_bbp_anonymous_reply_count":0,"_bbp_topic_count_hidden":0,"_bbp_reply_count_hidden":0,"_bbp_forum_subforum_count":0,"footnotes":""},"categories":[1,2],"tags":[59,60,103,116],"class_list":["post-3111","post","type-post","status-publish","format-standard","has-post-thumbnail","hentry","category-general","category-infantil","tag-activitats","tag-adaptacio","tag-educacio-infantil","tag-fotos"],"post_mailing_queue_ids":[],"_links":{"self":[{"href":"https:\/\/agora.xtec.cat\/escjoanardevol\/wp-json\/wp\/v2\/posts\/3111","targetHints":{"allow":["GET"]}}],"collection":[{"href":"https:\/\/agora.xtec.cat\/escjoanardevol\/wp-json\/wp\/v2\/posts"}],"about":[{"href":"https:\/\/agora.xtec.cat\/escjoanardevol\/wp-json\/wp\/v2\/types\/post"}],"author":[{"embeddable":true,"href":"https:\/\/agora.xtec.cat\/escjoanardevol\/wp-json\/wp\/v2\/users\/1"}],"replies":[{"embeddable":true,"href":"https:\/\/agora.xtec.cat\/escjoanardevol\/wp-json\/wp\/v2\/comments?post=3111"}],"version-history":[{"count":0,"href":"https:\/\/agora.xtec.cat\/escjoanardevol\/wp-json\/wp\/v2\/posts\/3111\/revisions"}],"wp:featuredmedia":[{"embeddable":true,"href":"https:\/\/agora.xtec.cat\/escjoanardevol\/wp-json\/"}],"wp:attachment":[{"href":"https:\/\/agora.xtec.cat\/escjoanardevol\/wp-json\/wp\/v2\/media?parent=3111"}],"wp:term":[{"taxonomy":"category","embeddable":true,"href":"https:\/\/agora.xtec.cat\/escjoanardevol\/wp-json\/wp\/v2\/categories?post=3111"},{"taxonomy":"post_tag","embeddable":true,"href":"https:\/\/agora.xtec.cat\/escjoanardevol\/wp-json\/wp\/v2\/tags?post=3111"}],"curies":[{"name":"wp","href":"https:\/\/api.w.org\/{rel}","templated":true}]}}