{"id":3085,"date":"2015-09-14T19:07:15","date_gmt":"2015-09-14T19:07:15","guid":{"rendered":"http:\/\/joanardevol.org\/info\/?p=3085"},"modified":"2015-09-14T19:07:15","modified_gmt":"2015-09-14T19:07:15","slug":"reunions-amb-les-families-2","status":"publish","type":"post","link":"https:\/\/agora.xtec.cat\/escjoanardevol\/general\/reunions-amb-les-families-2\/","title":{"rendered":"Reunions amb les fam\u00edlies"},"content":{"rendered":"<p>Les reunions d&#8217;inici de curs amb les fam\u00edlies es faran a les 16:45 a la sala multim\u00e8dia. El calendari \u00e9s el seg\u00fcent:<\/p>\n<table width=\"218\">\n<tbody>\n<tr>\n<td width=\"58\"><strong>CURS<\/strong><\/td>\n<td width=\"160\"><strong>DATA<\/strong><\/td>\n<\/tr>\n<tr>\n<td width=\"58\">P4<\/td>\n<td width=\"160\">17 de setembre<\/td>\n<\/tr>\n<tr>\n<td width=\"58\">P5<\/td>\n<td width=\"160\">24 de setembre<\/td>\n<\/tr>\n<tr>\n<td width=\"58\">1r<\/td>\n<td width=\"160\">29 de setembre<\/td>\n<\/tr>\n<tr>\n<td width=\"58\">2n<\/td>\n<td width=\"160\">23 de setembre<\/td>\n<\/tr>\n<tr>\n<td width=\"58\">3r<\/td>\n<td width=\"160\">21 de setembre<\/td>\n<\/tr>\n<tr>\n<td width=\"58\">4t<\/td>\n<td width=\"160\">1 d\u2019octubre<\/td>\n<\/tr>\n<tr>\n<td width=\"58\">5\u00e8<\/td>\n<td width=\"160\">28 de setembre<\/td>\n<\/tr>\n<tr>\n<td width=\"58\">6\u00e8<\/td>\n<td width=\"160\">5 d&#8217;octubre<\/td>\n<\/tr>\n<\/tbody>\n<\/table>\n","protected":false},"excerpt":{"rendered":"<p>Les reunions d&#8217;inici de curs amb les fam\u00edlies es faran a les 16:45 a la sala multim\u00e8dia. El calendari \u00e9s el seg\u00fcent:<\/p>\n<p>CURS<br \/>\nDATA<\/p>\n<p>P4<br \/>\n17 de setembre<\/p>\n<p>P5<br \/>\n24 de setembre<\/p>\n<p>1r<br \/>\n29 de setembre<\/p>\n<p>2n<br \/>\n23 de setembre<\/p>\n<p>3r<br \/>\n21 de setembre<\/p>\n<p>4t<br \/>\n1 d\u2019octubre<\/p>\n<p>5\u00e8<br \/>\n28 de setembre<\/p>\n<p>6\u00e8<br \/>\n5 d&#8217;octubre<\/p>\n","protected":false},"author":1,"featured_media":3210,"comment_status":"closed","ping_status":"open","sticky":false,"template":"","format":"standard","meta":{"_bbp_topic_count":0,"_bbp_reply_count":0,"_bbp_total_topic_count":0,"_bbp_total_reply_count":0,"_bbp_voice_count":0,"_bbp_anonymous_reply_count":0,"_bbp_topic_count_hidden":0,"_bbp_reply_count_hidden":0,"_bbp_forum_subforum_count":0,"footnotes":""},"categories":[10,12,14,1,2],"tags":[148],"class_list":["post-3085","post","type-post","status-publish","format-standard","has-post-thumbnail","hentry","category-1r","category-3r","category-5e","category-general","category-infantil","tag-noticies"],"post_mailing_queue_ids":[],"_links":{"self":[{"href":"https:\/\/agora.xtec.cat\/escjoanardevol\/wp-json\/wp\/v2\/posts\/3085","targetHints":{"allow":["GET"]}}],"collection":[{"href":"https:\/\/agora.xtec.cat\/escjoanardevol\/wp-json\/wp\/v2\/posts"}],"about":[{"href":"https:\/\/agora.xtec.cat\/escjoanardevol\/wp-json\/wp\/v2\/types\/post"}],"author":[{"embeddable":true,"href":"https:\/\/agora.xtec.cat\/escjoanardevol\/wp-json\/wp\/v2\/users\/1"}],"replies":[{"embeddable":true,"href":"https:\/\/agora.xtec.cat\/escjoanardevol\/wp-json\/wp\/v2\/comments?post=3085"}],"version-history":[{"count":0,"href":"https:\/\/agora.xtec.cat\/escjoanardevol\/wp-json\/wp\/v2\/posts\/3085\/revisions"}],"wp:featuredmedia":[{"embeddable":true,"href":"https:\/\/agora.xtec.cat\/escjoanardevol\/wp-json\/"}],"wp:attachment":[{"href":"https:\/\/agora.xtec.cat\/escjoanardevol\/wp-json\/wp\/v2\/media?parent=3085"}],"wp:term":[{"taxonomy":"category","embeddable":true,"href":"https:\/\/agora.xtec.cat\/escjoanardevol\/wp-json\/wp\/v2\/categories?post=3085"},{"taxonomy":"post_tag","embeddable":true,"href":"https:\/\/agora.xtec.cat\/escjoanardevol\/wp-json\/wp\/v2\/tags?post=3085"}],"curies":[{"name":"wp","href":"https:\/\/api.w.org\/{rel}","templated":true}]}}