{"id":3043,"date":"2015-06-05T15:51:42","date_gmt":"2015-06-05T15:51:42","guid":{"rendered":"http:\/\/joanardevol.org\/info\/?p=3043"},"modified":"2015-06-05T15:51:42","modified_gmt":"2015-06-05T15:51:42","slug":"colonies-cicle-mitja","status":"publish","type":"post","link":"https:\/\/agora.xtec.cat\/escjoanardevol\/general\/colonies-cicle-mitja\/","title":{"rendered":"Col\u00f2nies Cicle mitj\u00e0"},"content":{"rendered":"<p>Els dies 2 i 3 de juny els nens i nenes de CM hem anat de col\u00f2nies a la Conca de Barber\u00e0, a la casa de la Capella, a 2 km de Poblet.<\/p>\n<p>La casa era molt espaiosa, envoltada d&#8217;amplis jardins i boscos, amb diverses pistes d&#8217;esports.<\/p>\n<p>Vam visitar el monestir de Poblet i vam fer moltes activitats: una bonica caminada pel parc natural, jocs de nit i una activitat castellera molt engrescadora.<\/p>\n<p>Ens ho vam passar molt b\u00e9!!<\/p>\n<p>&nbsp;<embed type=\"application\/x-shockwave-flash\" src=\"https:\/\/photos.gstatic.com\/media\/slideshow.swf\" width=\"600\" height=\"400\" flashvars=\"host=picasaweb.google.com&#038;hl=es&#038;feat=flashalbum&#038;RGB=0x000000&#038;feed=https%3A%2F%2Fpicasaweb.google.com%2Fdata%2Ffeed%2Fapi%2Fuser%2F112024737052192345713%2Falbumid%2F6156916459297580865%3Falt%3Drss%26kind%3Dphoto%26hl%3Des\" pluginspage=\"http:\/\/www.macromedia.com\/go\/getflashplayer\"><\/embed><\/p>\n","protected":false},"excerpt":{"rendered":"<p>Els dies 2 i 3 de juny els nens i nenes de CM hem anat de col\u00f2nies a la Conca de Barber\u00e0, a la casa de la Capella, a 2 km de Poblet.<br \/>\nLa casa era molt espaiosa, envoltada d&#8217;amplis jardins i boscos, amb diverses pistes&hellip;  <a href=\"https:\/\/agora.xtec.cat\/escjoanardevol\/general\/colonies-cicle-mitja\/\" title=\"Read Col\u00f2nies Cicle mitj\u00e0\">Llegeix m\u00e9s\u00bb<\/a><\/p>\n","protected":false},"author":1,"featured_media":0,"comment_status":"closed","ping_status":"open","sticky":false,"template":"","format":"standard","meta":{"_bbp_topic_count":0,"_bbp_reply_count":0,"_bbp_total_topic_count":0,"_bbp_total_reply_count":0,"_bbp_voice_count":0,"_bbp_anonymous_reply_count":0,"_bbp_topic_count_hidden":0,"_bbp_reply_count_hidden":0,"_bbp_forum_subforum_count":0,"footnotes":""},"categories":[12,1],"tags":[76,86,93,172,16],"class_list":["post-3043","post","type-post","status-publish","format-standard","hentry","category-3r","category-general","tag-cicle-mitja","tag-colonies","tag-convivencia","tag-sortida","tag-sortides"],"post_mailing_queue_ids":[],"_links":{"self":[{"href":"https:\/\/agora.xtec.cat\/escjoanardevol\/wp-json\/wp\/v2\/posts\/3043","targetHints":{"allow":["GET"]}}],"collection":[{"href":"https:\/\/agora.xtec.cat\/escjoanardevol\/wp-json\/wp\/v2\/posts"}],"about":[{"href":"https:\/\/agora.xtec.cat\/escjoanardevol\/wp-json\/wp\/v2\/types\/post"}],"author":[{"embeddable":true,"href":"https:\/\/agora.xtec.cat\/escjoanardevol\/wp-json\/wp\/v2\/users\/1"}],"replies":[{"embeddable":true,"href":"https:\/\/agora.xtec.cat\/escjoanardevol\/wp-json\/wp\/v2\/comments?post=3043"}],"version-history":[{"count":0,"href":"https:\/\/agora.xtec.cat\/escjoanardevol\/wp-json\/wp\/v2\/posts\/3043\/revisions"}],"wp:attachment":[{"href":"https:\/\/agora.xtec.cat\/escjoanardevol\/wp-json\/wp\/v2\/media?parent=3043"}],"wp:term":[{"taxonomy":"category","embeddable":true,"href":"https:\/\/agora.xtec.cat\/escjoanardevol\/wp-json\/wp\/v2\/categories?post=3043"},{"taxonomy":"post_tag","embeddable":true,"href":"https:\/\/agora.xtec.cat\/escjoanardevol\/wp-json\/wp\/v2\/tags?post=3043"}],"curies":[{"name":"wp","href":"https:\/\/api.w.org\/{rel}","templated":true}]}}