{"id":3039,"date":"2015-06-03T13:33:59","date_gmt":"2015-06-03T13:33:59","guid":{"rendered":"http:\/\/joanardevol.org\/info\/?p=3039"},"modified":"2015-06-03T13:33:59","modified_gmt":"2015-06-03T13:33:59","slug":"5e-fa-vela","status":"publish","type":"post","link":"https:\/\/agora.xtec.cat\/escjoanardevol\/general\/5e-fa-vela\/","title":{"rendered":"5\u00e8 fa vela"},"content":{"rendered":"<p>El dia 2 de juny, els alumnes de 5\u00e8 vam anar al Club N\u00e0utic de Cambrils a fer una activitat molt i molt divertida. Vam practicar la navegaci\u00f3 a vela, vam fer caiac i ens ho vam passar molt b\u00e9 pujant a la &#8220;banana&#8221;. Feia un dia espl\u00e8ndid i tot i que l&#8217;aigua estava una mica freda, no ens va importar mullar-nos. A m\u00e9s els monitors eren molt divertits i ens van fer passar un mat\u00ed inoblidable.<\/p>\n<p>&nbsp;<embed type=\"application\/x-shockwave-flash\" src=\"https:\/\/photos.gstatic.com\/media\/slideshow.swf\" width=\"600\" height=\"400\" flashvars=\"host=picasaweb.google.com&#038;hl=es&#038;feat=flashalbum&#038;RGB=0x000000&#038;feed=https%3A%2F%2Fpicasaweb.google.com%2Fdata%2Ffeed%2Fapi%2Fuser%2F112024737052192345713%2Falbumid%2F6156141062965045681%3Falt%3Drss%26kind%3Dphoto%26hl%3Des\" pluginspage=\"http:\/\/www.macromedia.com\/go\/getflashplayer\"><\/embed><\/p>\n","protected":false},"excerpt":{"rendered":"<p>El dia 2 de juny, els alumnes de 5\u00e8 vam anar al Club N\u00e0utic de Cambrils a fer una activitat molt i molt divertida. Vam practicar la navegaci\u00f3 a vela, vam fer caiac i ens ho vam passar molt b\u00e9 pujant a la &#8220;banana&#8221;. Feia&hellip;  <a href=\"https:\/\/agora.xtec.cat\/escjoanardevol\/general\/5e-fa-vela\/\" title=\"Read 5\u00e8 fa vela\">Llegeix m\u00e9s\u00bb<\/a><\/p>\n","protected":false},"author":1,"featured_media":0,"comment_status":"closed","ping_status":"open","sticky":false,"template":"","format":"standard","meta":{"_bbp_topic_count":0,"_bbp_reply_count":0,"_bbp_total_topic_count":0,"_bbp_total_reply_count":0,"_bbp_voice_count":0,"_bbp_anonymous_reply_count":0,"_bbp_topic_count_hidden":0,"_bbp_reply_count_hidden":0,"_bbp_forum_subforum_count":0,"footnotes":""},"categories":[14,1],"tags":[59,77,102],"class_list":["post-3039","post","type-post","status-publish","format-standard","hentry","category-5e","category-general","tag-activitats","tag-cicle-superior-2","tag-educacio-fisica-2"],"post_mailing_queue_ids":[],"_links":{"self":[{"href":"https:\/\/agora.xtec.cat\/escjoanardevol\/wp-json\/wp\/v2\/posts\/3039","targetHints":{"allow":["GET"]}}],"collection":[{"href":"https:\/\/agora.xtec.cat\/escjoanardevol\/wp-json\/wp\/v2\/posts"}],"about":[{"href":"https:\/\/agora.xtec.cat\/escjoanardevol\/wp-json\/wp\/v2\/types\/post"}],"author":[{"embeddable":true,"href":"https:\/\/agora.xtec.cat\/escjoanardevol\/wp-json\/wp\/v2\/users\/1"}],"replies":[{"embeddable":true,"href":"https:\/\/agora.xtec.cat\/escjoanardevol\/wp-json\/wp\/v2\/comments?post=3039"}],"version-history":[{"count":0,"href":"https:\/\/agora.xtec.cat\/escjoanardevol\/wp-json\/wp\/v2\/posts\/3039\/revisions"}],"wp:attachment":[{"href":"https:\/\/agora.xtec.cat\/escjoanardevol\/wp-json\/wp\/v2\/media?parent=3039"}],"wp:term":[{"taxonomy":"category","embeddable":true,"href":"https:\/\/agora.xtec.cat\/escjoanardevol\/wp-json\/wp\/v2\/categories?post=3039"},{"taxonomy":"post_tag","embeddable":true,"href":"https:\/\/agora.xtec.cat\/escjoanardevol\/wp-json\/wp\/v2\/tags?post=3039"}],"curies":[{"name":"wp","href":"https:\/\/api.w.org\/{rel}","templated":true}]}}