{"id":3023,"date":"2015-05-20T06:52:39","date_gmt":"2015-05-20T06:52:39","guid":{"rendered":"http:\/\/joanardevol.org\/info\/?p=3023"},"modified":"2015-05-20T06:52:39","modified_gmt":"2015-05-20T06:52:39","slug":"sortida-5e-aeroport-i-gaudi-centre","status":"publish","type":"post","link":"https:\/\/agora.xtec.cat\/escjoanardevol\/general\/sortida-5e-aeroport-i-gaudi-centre\/","title":{"rendered":"Sortida 5\u00e8 aeroport i Gaud\u00ed centre"},"content":{"rendered":"<p>El passat dijous 14 de maig, els alumnes de 5\u00e8 vam realitzar una visita a l&#8217;<strong>aeroport de Reus<\/strong>. A l&#8217;Aeroclub vam pujar en una avioneta bipla\u00e7a i ens van explicar com funcionen els avions. Fins i tot vam poder veure antics avions de guerra. Despr\u00e9s vam anar a l&#8217;aeroport on vam visitar espais restringits al p\u00fablic i all\u00e0 vam gaudir amb l&#8217;exhibici\u00f3 dels bombers i, sobretot, amb el vol rasant dels falcons.<\/p>\n<p>Despr\u00e9s de dinar al parc Sant Jordi de Reus vam fer una visita guiada al <strong>Gaud\u00ed centre<\/strong> i all\u00e0, una guia ens va explicar la vida i l&#8217;obra d&#8217;aquest gran arquitecte.<\/p>\n<p>Va ser un dia molt complert i ens ho vam passar molt b\u00e9!!<\/p>\n<p>&nbsp;<embed type=\"application\/x-shockwave-flash\" src=\"https:\/\/photos.gstatic.com\/media\/slideshow.swf\" width=\"600\" height=\"400\" flashvars=\"host=picasaweb.google.com&#038;hl=es&#038;feat=flashalbum&#038;RGB=0x000000&#038;feed=https%3A%2F%2Fpicasaweb.google.com%2Fdata%2Ffeed%2Fapi%2Fuser%2F112024737052192345713%2Falbumid%2F6150840644189151025%3Falt%3Drss%26kind%3Dphoto%26hl%3Des\" pluginspage=\"http:\/\/www.macromedia.com\/go\/getflashplayer\"><\/embed><\/p>\n","protected":false},"excerpt":{"rendered":"<p>El passat dijous 14 de maig, els alumnes de 5\u00e8 vam realitzar una visita a l&#8217;aeroport de Reus. A l&#8217;Aeroclub vam pujar en una avioneta bipla\u00e7a i ens van explicar com funcionen els avions. Fins i tot vam poder veure antics avions de guerra. Despr\u00e9s&hellip;  <a href=\"https:\/\/agora.xtec.cat\/escjoanardevol\/general\/sortida-5e-aeroport-i-gaudi-centre\/\" title=\"Read Sortida 5\u00e8 aeroport i Gaud\u00ed centre\">Llegeix m\u00e9s\u00bb<\/a><\/p>\n","protected":false},"author":1,"featured_media":0,"comment_status":"closed","ping_status":"open","sticky":false,"template":"","format":"standard","meta":{"_bbp_topic_count":0,"_bbp_reply_count":0,"_bbp_total_topic_count":0,"_bbp_total_reply_count":0,"_bbp_voice_count":0,"_bbp_anonymous_reply_count":0,"_bbp_topic_count_hidden":0,"_bbp_reply_count_hidden":0,"_bbp_forum_subforum_count":0,"footnotes":""},"categories":[14,1],"tags":[],"class_list":["post-3023","post","type-post","status-publish","format-standard","hentry","category-5e","category-general"],"post_mailing_queue_ids":[],"_links":{"self":[{"href":"https:\/\/agora.xtec.cat\/escjoanardevol\/wp-json\/wp\/v2\/posts\/3023","targetHints":{"allow":["GET"]}}],"collection":[{"href":"https:\/\/agora.xtec.cat\/escjoanardevol\/wp-json\/wp\/v2\/posts"}],"about":[{"href":"https:\/\/agora.xtec.cat\/escjoanardevol\/wp-json\/wp\/v2\/types\/post"}],"author":[{"embeddable":true,"href":"https:\/\/agora.xtec.cat\/escjoanardevol\/wp-json\/wp\/v2\/users\/1"}],"replies":[{"embeddable":true,"href":"https:\/\/agora.xtec.cat\/escjoanardevol\/wp-json\/wp\/v2\/comments?post=3023"}],"version-history":[{"count":0,"href":"https:\/\/agora.xtec.cat\/escjoanardevol\/wp-json\/wp\/v2\/posts\/3023\/revisions"}],"wp:attachment":[{"href":"https:\/\/agora.xtec.cat\/escjoanardevol\/wp-json\/wp\/v2\/media?parent=3023"}],"wp:term":[{"taxonomy":"category","embeddable":true,"href":"https:\/\/agora.xtec.cat\/escjoanardevol\/wp-json\/wp\/v2\/categories?post=3023"},{"taxonomy":"post_tag","embeddable":true,"href":"https:\/\/agora.xtec.cat\/escjoanardevol\/wp-json\/wp\/v2\/tags?post=3023"}],"curies":[{"name":"wp","href":"https:\/\/api.w.org\/{rel}","templated":true}]}}