{"id":3019,"date":"2015-05-14T07:49:03","date_gmt":"2015-05-14T07:49:03","guid":{"rendered":"http:\/\/joanardevol.org\/info\/?p=3019"},"modified":"2015-05-14T07:49:03","modified_gmt":"2015-05-14T07:49:03","slug":"corda-a-les-escoles","status":"publish","type":"post","link":"https:\/\/agora.xtec.cat\/escjoanardevol\/general\/corda-a-les-escoles\/","title":{"rendered":"Corda a les escoles"},"content":{"rendered":"<p>L\u2019Escola Municipal de M\u00fasica de Cambrils ha dut a terme presentacions del quartet de corda a la nostra escola. Els volem agrair aquesta iniciativa.<\/p>\n<p>El <strong>quartet de corda<\/strong> est\u00e0 format per: dos violins, viola i violoncel. Amb aquest motiu hem gaudit d\u2019unes fant\u00e0stiques i agradables sessions de m\u00fasica, bones explicacions, jocs i fins i tot una mica de m\u00e0gia sorgida d\u2019on menys t\u2019ho esperes.<\/p>\n<p>Ha sigut meravell\u00f3s. Esperem que aviat torneu a m\u00e9s propostes!!!<\/p>\n<p>&nbsp;<embed type=\"application\/x-shockwave-flash\" src=\"https:\/\/photos.gstatic.com\/media\/slideshow.swf\" width=\"600\" height=\"400\" flashvars=\"host=picasaweb.google.com&#038;hl=es&#038;feat=flashalbum&#038;RGB=0x000000&#038;feed=https%3A%2F%2Fpicasaweb.google.com%2Fdata%2Ffeed%2Fapi%2Fuser%2F112024737052192345713%2Falbumid%2F6148616584813925105%3Falt%3Drss%26kind%3Dphoto%26hl%3Des\" pluginspage=\"http:\/\/www.macromedia.com\/go\/getflashplayer\"><\/embed><\/p>\n","protected":false},"excerpt":{"rendered":"<p>L\u2019Escola Municipal de M\u00fasica de Cambrils ha dut a terme presentacions del quartet de corda a la nostra escola. Els volem agrair aquesta iniciativa.<br \/>\nEl quartet de corda est\u00e0 format per: dos violins, viola i violoncel. Amb aquest motiu hem gaudit d\u2019unes fant\u00e0stiques i agradables sessions&hellip;  <a href=\"https:\/\/agora.xtec.cat\/escjoanardevol\/general\/corda-a-les-escoles\/\" title=\"Read Corda a les escoles\">Llegeix m\u00e9s\u00bb<\/a><\/p>\n","protected":false},"author":1,"featured_media":0,"comment_status":"closed","ping_status":"open","sticky":false,"template":"","format":"standard","meta":{"_bbp_topic_count":0,"_bbp_reply_count":0,"_bbp_total_topic_count":0,"_bbp_total_reply_count":0,"_bbp_voice_count":0,"_bbp_anonymous_reply_count":0,"_bbp_topic_count_hidden":0,"_bbp_reply_count_hidden":0,"_bbp_forum_subforum_count":0,"footnotes":""},"categories":[10,12,14,1],"tags":[59,75,76,77,94,145],"class_list":["post-3019","post","type-post","status-publish","format-standard","hentry","category-1r","category-3r","category-5e","category-general","tag-activitats","tag-cicle-inicial","tag-cicle-mitja","tag-cicle-superior-2","tag-cooperacio","tag-musica"],"post_mailing_queue_ids":[],"_links":{"self":[{"href":"https:\/\/agora.xtec.cat\/escjoanardevol\/wp-json\/wp\/v2\/posts\/3019","targetHints":{"allow":["GET"]}}],"collection":[{"href":"https:\/\/agora.xtec.cat\/escjoanardevol\/wp-json\/wp\/v2\/posts"}],"about":[{"href":"https:\/\/agora.xtec.cat\/escjoanardevol\/wp-json\/wp\/v2\/types\/post"}],"author":[{"embeddable":true,"href":"https:\/\/agora.xtec.cat\/escjoanardevol\/wp-json\/wp\/v2\/users\/1"}],"replies":[{"embeddable":true,"href":"https:\/\/agora.xtec.cat\/escjoanardevol\/wp-json\/wp\/v2\/comments?post=3019"}],"version-history":[{"count":0,"href":"https:\/\/agora.xtec.cat\/escjoanardevol\/wp-json\/wp\/v2\/posts\/3019\/revisions"}],"wp:attachment":[{"href":"https:\/\/agora.xtec.cat\/escjoanardevol\/wp-json\/wp\/v2\/media?parent=3019"}],"wp:term":[{"taxonomy":"category","embeddable":true,"href":"https:\/\/agora.xtec.cat\/escjoanardevol\/wp-json\/wp\/v2\/categories?post=3019"},{"taxonomy":"post_tag","embeddable":true,"href":"https:\/\/agora.xtec.cat\/escjoanardevol\/wp-json\/wp\/v2\/tags?post=3019"}],"curies":[{"name":"wp","href":"https:\/\/api.w.org\/{rel}","templated":true}]}}