{"id":3016,"date":"2015-04-29T10:35:42","date_gmt":"2015-04-29T10:35:42","guid":{"rendered":"http:\/\/joanardevol.org\/info\/?p=3016"},"modified":"2015-04-29T10:35:42","modified_gmt":"2015-04-29T10:35:42","slug":"colonies-cicle-inicial","status":"publish","type":"post","link":"https:\/\/agora.xtec.cat\/escjoanardevol\/general\/colonies-cicle-inicial\/","title":{"rendered":"Col\u00f2nies Cicle Inicial"},"content":{"rendered":"<p>Els dies 23 i 24 d\u2019abril vam anar de col\u00f2nies a Les Piles. Vam jugar pel poble buscant pistes, explorant els seus carrers, edificis i parcs. Despr\u00e9s de dinar vam anar d\u2019excursi\u00f3 a la Font del Llorac i all\u00ed vam estudiar el cant de diferents ocells i tamb\u00e9\u00a0 els vam preparar unes pinyes amb menjar per ajudar-los a cantar millor. Despr\u00e9s de berenar vam fer de pastissers i vam preparar unes madalenes delicioses. Per la nit vam sortir a \u201cca\u00e7ar\u201d animals per\u00f2 els vam deixar anar tots a casa seva. Al mat\u00ed vam fer jocs de tot el m\u00f3n i ja, molt contents i amb molts bons records, vam tornar a casa.<\/p>\n<p>Qu\u00e8 b\u00e9 que ens ho hem passat!!<\/p>\n<p>&nbsp;<embed type=\"application\/x-shockwave-flash\" src=\"https:\/\/photos.gstatic.com\/media\/slideshow.swf\" width=\"600\" height=\"400\" flashvars=\"host=picasaweb.google.com&#038;hl=es&#038;feat=flashalbum&#038;RGB=0x000000&#038;feed=https%3A%2F%2Fpicasaweb.google.com%2Fdata%2Ffeed%2Fapi%2Fuser%2F112024737052192345713%2Falbumid%2F6145677367665620673%3Falt%3Drss%26kind%3Dphoto%26hl%3Des\" pluginspage=\"http:\/\/www.macromedia.com\/go\/getflashplayer\"><\/embed><\/p>\n","protected":false},"excerpt":{"rendered":"<p>Els dies 23 i 24 d\u2019abril vam anar de col\u00f2nies a Les Piles. Vam jugar pel poble buscant pistes, explorant els seus carrers, edificis i parcs. Despr\u00e9s de dinar vam anar d\u2019excursi\u00f3 a la Font del Llorac i all\u00ed vam estudiar el cant de diferents&hellip;  <a href=\"https:\/\/agora.xtec.cat\/escjoanardevol\/general\/colonies-cicle-inicial\/\" title=\"Read Col\u00f2nies Cicle Inicial\">Llegeix m\u00e9s\u00bb<\/a><\/p>\n","protected":false},"author":1,"featured_media":0,"comment_status":"closed","ping_status":"open","sticky":false,"template":"","format":"standard","meta":{"_bbp_topic_count":0,"_bbp_reply_count":0,"_bbp_total_topic_count":0,"_bbp_total_reply_count":0,"_bbp_voice_count":0,"_bbp_anonymous_reply_count":0,"_bbp_topic_count_hidden":0,"_bbp_reply_count_hidden":0,"_bbp_forum_subforum_count":0,"footnotes":""},"categories":[10,1],"tags":[75,86,93,16],"class_list":["post-3016","post","type-post","status-publish","format-standard","hentry","category-1r","category-general","tag-cicle-inicial","tag-colonies","tag-convivencia","tag-sortides"],"post_mailing_queue_ids":[],"_links":{"self":[{"href":"https:\/\/agora.xtec.cat\/escjoanardevol\/wp-json\/wp\/v2\/posts\/3016","targetHints":{"allow":["GET"]}}],"collection":[{"href":"https:\/\/agora.xtec.cat\/escjoanardevol\/wp-json\/wp\/v2\/posts"}],"about":[{"href":"https:\/\/agora.xtec.cat\/escjoanardevol\/wp-json\/wp\/v2\/types\/post"}],"author":[{"embeddable":true,"href":"https:\/\/agora.xtec.cat\/escjoanardevol\/wp-json\/wp\/v2\/users\/1"}],"replies":[{"embeddable":true,"href":"https:\/\/agora.xtec.cat\/escjoanardevol\/wp-json\/wp\/v2\/comments?post=3016"}],"version-history":[{"count":0,"href":"https:\/\/agora.xtec.cat\/escjoanardevol\/wp-json\/wp\/v2\/posts\/3016\/revisions"}],"wp:attachment":[{"href":"https:\/\/agora.xtec.cat\/escjoanardevol\/wp-json\/wp\/v2\/media?parent=3016"}],"wp:term":[{"taxonomy":"category","embeddable":true,"href":"https:\/\/agora.xtec.cat\/escjoanardevol\/wp-json\/wp\/v2\/categories?post=3016"},{"taxonomy":"post_tag","embeddable":true,"href":"https:\/\/agora.xtec.cat\/escjoanardevol\/wp-json\/wp\/v2\/tags?post=3016"}],"curies":[{"name":"wp","href":"https:\/\/api.w.org\/{rel}","templated":true}]}}