{"id":2997,"date":"2015-04-27T10:18:10","date_gmt":"2015-04-27T10:18:10","guid":{"rendered":"http:\/\/joanardevol.org\/info\/?p=2997"},"modified":"2015-04-27T10:18:10","modified_gmt":"2015-04-27T10:18:10","slug":"sant-jordi-2","status":"publish","type":"post","link":"https:\/\/agora.xtec.cat\/escjoanardevol\/general\/sant-jordi-2\/","title":{"rendered":"Sant Jordi"},"content":{"rendered":"<p>A l&#8217;escola vam celebrar Sant Jordi d&#8217;una manera molt especial. Els de 6\u00e8 van fer la representaci\u00f3 de la llegenda al pavell\u00f3 de l&#8217;escola, els de 5\u00e8 van representar-la a les llars d&#8217;infants. Tamb\u00e9 a l&#8217;entrada de l&#8217;escola hi va haver parades de llibres i roses. Els alumnes de P4 i P5 van anar a Montblanc a fer activitats sobre la llegenda. Una jornada molt especial per celebrar el patr\u00f3 de Catalunya!<\/p>\n<table style=\"text-align: left; width: 100%;\" border=\"0\" cellspacing=\"1\" cellpadding=\"1\">\n<tbody>\n<tr>\n<td style=\"vertical-align: top;\">\n<table style=\"width: 194px;\">\n<tbody>\n<tr>\n<td style=\"height: 194px; background: url('https:\/\/www.gstatic.com\/pwa\/s\/v\/lighthousefe_20150427.00_p0\/transparent_album_background.gif') no-repeat left;\" align=\"center\"><a href=\"https:\/\/picasaweb.google.com\/112024737052192345713\/RepresentacioDeLaLlegendaALesLlarsDInfants?authuser=0&amp;feat=embedwebsite\" target=\"_blank\"><img loading=\"lazy\" decoding=\"async\" style=\"margin: 1px 0 0 4px;\" src=\"https:\/\/lh3.googleusercontent.com\/-2QWum4P8m-o\/VT43B8XAOuE\/AAAAAAAAE9E\/_tueRfwRazw\/s160-c\/RepresentacioDeLaLlegendaALesLlarsDInfants.jpg\" alt=\"\" width=\"160\" height=\"160\" \/><\/a><\/td>\n<\/tr>\n<tr>\n<td style=\"text-align: center; font-family: arial,sans-serif; font-size: 11px;\"><a style=\"color: #4d4d4d; font-weight: bold; text-decoration: none;\" href=\"https:\/\/picasaweb.google.com\/112024737052192345713\/RepresentacioDeLaLlegendaALesLlarsDInfants?authuser=0&amp;feat=embedwebsite\" target=\"_blank\">Representaci\u00f3 de la llegenda a les Llars d&#8217;Infants<\/a><\/td>\n<\/tr>\n<\/tbody>\n<\/table>\n<\/td>\n<td style=\"vertical-align: top;\">\n<table style=\"width: 194px;\">\n<tbody>\n<tr>\n<td style=\"height: 194px; background: url('https:\/\/www.gstatic.com\/pwa\/s\/v\/lighthousefe_20150427.00_p0\/transparent_album_background.gif') no-repeat left;\" align=\"center\"><a href=\"https:\/\/picasaweb.google.com\/112024737052192345713\/ParadesDeSantJordiVendaDeRosesILlibres?authuser=0&amp;feat=embedwebsite\" target=\"_blank\"><img loading=\"lazy\" decoding=\"async\" style=\"margin: 1px 0 0 4px;\" src=\"https:\/\/lh3.googleusercontent.com\/-N2Yvzh7kxvg\/VT34qNfdjpE\/AAAAAAAAE88\/RVwDDjqRcGI\/s160-c\/ParadesDeSantJordiVendaDeRosesILlibres.jpg\" alt=\"\" width=\"160\" height=\"160\" \/><\/a><\/td>\n<\/tr>\n<tr>\n<td style=\"text-align: center; font-family: arial,sans-serif; font-size: 11px;\"><a style=\"color: #4d4d4d; font-weight: bold; text-decoration: none;\" href=\"https:\/\/picasaweb.google.com\/112024737052192345713\/ParadesDeSantJordiVendaDeRosesILlibres?authuser=0&amp;feat=embedwebsite\" target=\"_blank\">Parades de Sant Jordi &#8211; venda de roses i llibres<\/a><\/td>\n<\/tr>\n<\/tbody>\n<\/table>\n<\/td>\n<\/tr>\n<tr>\n<td style=\"vertical-align: top;\">\n<table style=\"width: 194px;\">\n<tbody>\n<tr>\n<td style=\"height: 194px; background: url('https:\/\/www.gstatic.com\/pwa\/s\/v\/lighthousefe_20150427.00_p0\/transparent_album_background.gif') no-repeat left;\" align=\"center\"><a href=\"https:\/\/picasaweb.google.com\/112024737052192345713\/SantJordiJocsFlorals?authuser=0&amp;feat=embedwebsite\" target=\"_blank\"><img loading=\"lazy\" decoding=\"async\" style=\"margin: 1px 0 0 4px;\" src=\"https:\/\/lh3.googleusercontent.com\/-lSbiIuA59xs\/VT3j2DbH_dE\/AAAAAAAAE84\/-10XSepdLoA\/s160-c\/SantJordiJocsFlorals.jpg\" alt=\"\" width=\"160\" height=\"160\" \/><\/a><\/td>\n<\/tr>\n<tr>\n<td style=\"text-align: center; font-family: arial,sans-serif; font-size: 11px;\"><a style=\"color: #4d4d4d; font-weight: bold; text-decoration: none;\" href=\"https:\/\/picasaweb.google.com\/112024737052192345713\/SantJordiJocsFlorals?authuser=0&amp;feat=embedwebsite\" target=\"_blank\">Sant Jordi &#8211; Jocs Florals<\/a><\/td>\n<\/tr>\n<\/tbody>\n<\/table>\n<\/td>\n<\/tr>\n<\/tbody>\n<\/table>\n","protected":false},"excerpt":{"rendered":"<p>A l&#8217;escola vam celebrar Sant Jordi d&#8217;una manera molt especial. Els de 6\u00e8 van fer la representaci\u00f3 de la llegenda al pavell\u00f3 de l&#8217;escola, els de 5\u00e8 van representar-la a les llars d&#8217;infants. Tamb\u00e9 a l&#8217;entrada de l&#8217;escola hi va haver parades de llibres i&hellip;  <a href=\"https:\/\/agora.xtec.cat\/escjoanardevol\/general\/sant-jordi-2\/\" title=\"Read Sant Jordi\">Llegeix m\u00e9s\u00bb<\/a><\/p>\n","protected":false},"author":1,"featured_media":0,"comment_status":"closed","ping_status":"open","sticky":false,"template":"","format":"standard","meta":{"_bbp_topic_count":0,"_bbp_reply_count":0,"_bbp_total_topic_count":0,"_bbp_total_reply_count":0,"_bbp_voice_count":0,"_bbp_anonymous_reply_count":0,"_bbp_topic_count_hidden":0,"_bbp_reply_count_hidden":0,"_bbp_forum_subforum_count":0,"footnotes":""},"categories":[10,12,14,1,2],"tags":[59,78,115,128,168],"class_list":["post-2997","post","type-post","status-publish","format-standard","hentry","category-1r","category-3r","category-5e","category-general","category-infantil","tag-activitats","tag-cicles","tag-festes","tag-jornades","tag-sant-jordi"],"post_mailing_queue_ids":[],"_links":{"self":[{"href":"https:\/\/agora.xtec.cat\/escjoanardevol\/wp-json\/wp\/v2\/posts\/2997","targetHints":{"allow":["GET"]}}],"collection":[{"href":"https:\/\/agora.xtec.cat\/escjoanardevol\/wp-json\/wp\/v2\/posts"}],"about":[{"href":"https:\/\/agora.xtec.cat\/escjoanardevol\/wp-json\/wp\/v2\/types\/post"}],"author":[{"embeddable":true,"href":"https:\/\/agora.xtec.cat\/escjoanardevol\/wp-json\/wp\/v2\/users\/1"}],"replies":[{"embeddable":true,"href":"https:\/\/agora.xtec.cat\/escjoanardevol\/wp-json\/wp\/v2\/comments?post=2997"}],"version-history":[{"count":0,"href":"https:\/\/agora.xtec.cat\/escjoanardevol\/wp-json\/wp\/v2\/posts\/2997\/revisions"}],"wp:attachment":[{"href":"https:\/\/agora.xtec.cat\/escjoanardevol\/wp-json\/wp\/v2\/media?parent=2997"}],"wp:term":[{"taxonomy":"category","embeddable":true,"href":"https:\/\/agora.xtec.cat\/escjoanardevol\/wp-json\/wp\/v2\/categories?post=2997"},{"taxonomy":"post_tag","embeddable":true,"href":"https:\/\/agora.xtec.cat\/escjoanardevol\/wp-json\/wp\/v2\/tags?post=2997"}],"curies":[{"name":"wp","href":"https:\/\/api.w.org\/{rel}","templated":true}]}}