{"id":2990,"date":"2015-04-21T14:29:56","date_gmt":"2015-04-21T14:29:56","guid":{"rendered":"http:\/\/joanardevol.org\/info\/?p=2990"},"modified":"2015-04-21T14:29:56","modified_gmt":"2015-04-21T14:29:56","slug":"cap-nen-sense-bigoti","status":"publish","type":"post","link":"https:\/\/agora.xtec.cat\/escjoanardevol\/general\/cap-nen-sense-bigoti\/","title":{"rendered":"Cap nen sense bigoti"},"content":{"rendered":"<p>L\u2019escola s\u2019ha adherit a la campanya <strong>\u201cCap nen sense bigoti\u201d<\/strong>.<\/p>\n<p>Hi ha moltes fam\u00edlies que no poden cobrir la necessitat d&#8217;un aliment tan b\u00e0sic com la llet, la qual cosa repercuteix especialment en els menors, que necessiten la llet per desenvolupar-se. El Banc dels Aliments no rep prou donacions per cobrir els m\u00ednims indispensables per a tots ells.<\/p>\n<p>Per aquest motiu, l\u2019Obra Social &#8220;la Caixa&#8221; en col\u00b7laboraci\u00f3 amb el Banc dels Aliments promou la campanya <strong>Cap nen sense bigoti<\/strong> per fer arribar llet a totes les llars. Tot el que es recapti en la gran recollida de llet es destinar\u00e0 \u00edntegrament a ajudar les fam\u00edlies que ho necessitin. A m\u00e9s, l\u2019Obra Social \u201dla Caixa\u201d donar\u00e0 1 litre de llet extra per cada 10 litres que es recullin.<\/p>\n<p>D<strong>el 15 d\u2019abril al 20 de juny,<\/strong> es poden fer aportacions econ\u00f2miques a trav\u00e9s de la p\u00e0gina web, mitjan\u00e7ant L\u00ednia Oberta de \u201dla Caixa\u201d<strong> (<a href=\"http:\/\/www.lacaixa.cat\/\">www.lacaixa.cat<\/a>) <\/strong>o enviant un SMS amb la paraula LLET al 28024.<\/p>\n<p><strong>\u00a0<\/strong><strong>Del 20 al 24 d\u2019abril, a l\u2019escola disposarem d\u2019un punt f\u00edsic de recollida en el qual podeu dipositar els brics que aporteu. Us demanem que ho veieu amb bons ulls i hi col\u00b7laboreu.<\/strong><\/p>\n<p>Podeu obtenir m\u00e9s informaci\u00f3 a la p\u00e0gina <a href=\"http:\/\/www.granrecollidadellet.cat\/\">http:\/\/www.granrecollidadellet.cat\/<\/a> .<\/p>\n<p>Moltes gr\u00e0cies per la vostra col\u00b7laboraci\u00f3.<\/p>\n<p><a href=\"http:\/\/www.granrecollidadellet.cat\/\" target=\"_blank\"><img loading=\"lazy\" decoding=\"async\" class=\"alignnone size-full wp-image-2991\" src=\"http:\/\/joanardevol.org\/info\/wp-content\/uploads\/2015\/04\/campanyallet1.jpg\" alt=\"campanyallet1\" width=\"600\" height=\"90\" \/><\/a><\/p>\n","protected":false},"excerpt":{"rendered":"<p>L\u2019escola s\u2019ha adherit a la campanya \u201cCap nen sense bigoti\u201d.<br \/>\nHi ha moltes fam\u00edlies que no poden cobrir la necessitat d&#8217;un aliment tan b\u00e0sic com la llet, la qual cosa repercuteix especialment en els menors, que necessiten la llet per desenvolupar-se. El Banc dels Aliments no&hellip;  <a href=\"https:\/\/agora.xtec.cat\/escjoanardevol\/general\/cap-nen-sense-bigoti\/\" title=\"Read Cap nen sense bigoti\">Llegeix m\u00e9s\u00bb<\/a><\/p>\n","protected":false},"author":1,"featured_media":0,"comment_status":"closed","ping_status":"open","sticky":false,"template":"","format":"standard","meta":{"_bbp_topic_count":0,"_bbp_reply_count":0,"_bbp_total_topic_count":0,"_bbp_total_reply_count":0,"_bbp_voice_count":0,"_bbp_anonymous_reply_count":0,"_bbp_topic_count_hidden":0,"_bbp_reply_count_hidden":0,"_bbp_forum_subforum_count":0,"footnotes":""},"categories":[1],"tags":[94,167,187],"class_list":["post-2990","post","type-post","status-publish","format-standard","hentry","category-general","tag-cooperacio","tag-salut","tag-valors"],"post_mailing_queue_ids":[],"_links":{"self":[{"href":"https:\/\/agora.xtec.cat\/escjoanardevol\/wp-json\/wp\/v2\/posts\/2990","targetHints":{"allow":["GET"]}}],"collection":[{"href":"https:\/\/agora.xtec.cat\/escjoanardevol\/wp-json\/wp\/v2\/posts"}],"about":[{"href":"https:\/\/agora.xtec.cat\/escjoanardevol\/wp-json\/wp\/v2\/types\/post"}],"author":[{"embeddable":true,"href":"https:\/\/agora.xtec.cat\/escjoanardevol\/wp-json\/wp\/v2\/users\/1"}],"replies":[{"embeddable":true,"href":"https:\/\/agora.xtec.cat\/escjoanardevol\/wp-json\/wp\/v2\/comments?post=2990"}],"version-history":[{"count":0,"href":"https:\/\/agora.xtec.cat\/escjoanardevol\/wp-json\/wp\/v2\/posts\/2990\/revisions"}],"wp:attachment":[{"href":"https:\/\/agora.xtec.cat\/escjoanardevol\/wp-json\/wp\/v2\/media?parent=2990"}],"wp:term":[{"taxonomy":"category","embeddable":true,"href":"https:\/\/agora.xtec.cat\/escjoanardevol\/wp-json\/wp\/v2\/categories?post=2990"},{"taxonomy":"post_tag","embeddable":true,"href":"https:\/\/agora.xtec.cat\/escjoanardevol\/wp-json\/wp\/v2\/tags?post=2990"}],"curies":[{"name":"wp","href":"https:\/\/api.w.org\/{rel}","templated":true}]}}