{"id":2983,"date":"2015-03-13T08:12:55","date_gmt":"2015-03-13T08:12:55","guid":{"rendered":"http:\/\/joanardevol.org\/info\/?p=2983"},"modified":"2015-03-13T08:12:55","modified_gmt":"2015-03-13T08:12:55","slug":"5e-taller-anem-a-comprar","status":"publish","type":"post","link":"https:\/\/agora.xtec.cat\/escjoanardevol\/general\/5e-taller-anem-a-comprar\/","title":{"rendered":"5\u00e8 Taller anem a comprar"},"content":{"rendered":"<p>El dimarts 10 de mar\u00e7, els alumnes de 5\u00e8 vam realitzar a l&#8217;aula un taller molt interessant al voltant del reciclatge i la reducci\u00f3 de residus. Fent una compra al supermercat vam descobrir la quantitat de residus que es generen amb els productes envasats i com podem substituir-los per alternatives m\u00e9s econ\u00f2miques i ecol\u00f2giques. Reduint, reutilitzant, reciclant i reparant podem fer el m\u00f3n m\u00e9s sostenible.<\/p>\n<p>&nbsp;<embed type=\"application\/x-shockwave-flash\" src=\"https:\/\/photos.gstatic.com\/media\/slideshow.swf\" width=\"600\" height=\"400\" flashvars=\"host=picasaweb.google.com&#038;hl=es&#038;feat=flashalbum&#038;RGB=0x000000&#038;feed=https%3A%2F%2Fpicasaweb.google.com%2Fdata%2Ffeed%2Fapi%2Fuser%2F112024737052192345713%2Falbumid%2F6127113290697210785%3Falt%3Drss%26kind%3Dphoto%26hl%3Des\" pluginspage=\"http:\/\/www.macromedia.com\/go\/getflashplayer\"><\/embed><\/p>\n","protected":false},"excerpt":{"rendered":"<p>El dimarts 10 de mar\u00e7, els alumnes de 5\u00e8 vam realitzar a l&#8217;aula un taller molt interessant al voltant del reciclatge i la reducci\u00f3 de residus. Fent una compra al supermercat vam descobrir la quantitat de residus que es generen amb els productes envasats i&hellip;  <a href=\"https:\/\/agora.xtec.cat\/escjoanardevol\/general\/5e-taller-anem-a-comprar\/\" title=\"Read 5\u00e8 Taller anem a comprar\">Llegeix m\u00e9s\u00bb<\/a><\/p>\n","protected":false},"author":1,"featured_media":0,"comment_status":"closed","ping_status":"open","sticky":false,"template":"","format":"standard","meta":{"_bbp_topic_count":0,"_bbp_reply_count":0,"_bbp_total_topic_count":0,"_bbp_total_reply_count":0,"_bbp_voice_count":0,"_bbp_anonymous_reply_count":0,"_bbp_topic_count_hidden":0,"_bbp_reply_count_hidden":0,"_bbp_forum_subforum_count":0,"footnotes":""},"categories":[14,1],"tags":[59,77,140,187],"class_list":["post-2983","post","type-post","status-publish","format-standard","hentry","category-5e","category-general","tag-activitats","tag-cicle-superior-2","tag-medi","tag-valors"],"post_mailing_queue_ids":[],"_links":{"self":[{"href":"https:\/\/agora.xtec.cat\/escjoanardevol\/wp-json\/wp\/v2\/posts\/2983","targetHints":{"allow":["GET"]}}],"collection":[{"href":"https:\/\/agora.xtec.cat\/escjoanardevol\/wp-json\/wp\/v2\/posts"}],"about":[{"href":"https:\/\/agora.xtec.cat\/escjoanardevol\/wp-json\/wp\/v2\/types\/post"}],"author":[{"embeddable":true,"href":"https:\/\/agora.xtec.cat\/escjoanardevol\/wp-json\/wp\/v2\/users\/1"}],"replies":[{"embeddable":true,"href":"https:\/\/agora.xtec.cat\/escjoanardevol\/wp-json\/wp\/v2\/comments?post=2983"}],"version-history":[{"count":0,"href":"https:\/\/agora.xtec.cat\/escjoanardevol\/wp-json\/wp\/v2\/posts\/2983\/revisions"}],"wp:attachment":[{"href":"https:\/\/agora.xtec.cat\/escjoanardevol\/wp-json\/wp\/v2\/media?parent=2983"}],"wp:term":[{"taxonomy":"category","embeddable":true,"href":"https:\/\/agora.xtec.cat\/escjoanardevol\/wp-json\/wp\/v2\/categories?post=2983"},{"taxonomy":"post_tag","embeddable":true,"href":"https:\/\/agora.xtec.cat\/escjoanardevol\/wp-json\/wp\/v2\/tags?post=2983"}],"curies":[{"name":"wp","href":"https:\/\/api.w.org\/{rel}","templated":true}]}}