{"id":2973,"date":"2015-03-12T18:24:13","date_gmt":"2015-03-12T18:24:13","guid":{"rendered":"http:\/\/joanardevol.org\/info\/?p=2973"},"modified":"2015-03-12T18:24:13","modified_gmt":"2015-03-12T18:24:13","slug":"cm-excursio-a-miravet","status":"publish","type":"post","link":"https:\/\/agora.xtec.cat\/escjoanardevol\/general\/cm-excursio-a-miravet\/","title":{"rendered":"CM Excursi\u00f3 a Miravet"},"content":{"rendered":"<p>El dia 11 de mar\u00e7 els nens i les nenes de cicle mitj\u00e0 hem fet una sortida al bonic poble de Miravet. Abans d&#8217;arribar ja es veia el seu imponent castell templer. Durant la visita\u00a0\u00a0ens han explicat\u00a0la seva hist\u00f2ria, els seus diferents espais i la vida dels templers que el van habitar.<br \/>\nHem vist el riu Ebre que transcorria tranquil i\u00a0crescut\u00a0vora el poble antic . Despr\u00e9s de dinar a la pla\u00e7a que toca al riu, ens esperava al seu taller un artes\u00e0 terrissaire que ens ha ensenyat com fer diferents peces de terrissa amb el torn.<br \/>\nHem gaudit d&#8217;un dia fant\u00e0stic, ple d&#8217;activitats i\u00a0de noves experi\u00e8ncies.<br \/>\n<br \/><embed type=\"application\/x-shockwave-flash\" src=\"https:\/\/photos.gstatic.com\/media\/slideshow.swf\" width=\"600\" height=\"400\" flashvars=\"host=picasaweb.google.com&#038;hl=es&#038;feat=flashalbum&#038;RGB=0x000000&#038;feed=https%3A%2F%2Fpicasaweb.google.com%2Fdata%2Ffeed%2Fapi%2Fuser%2F112024737052192345713%2Falbumid%2F6125015682979807153%3Falt%3Drss%26kind%3Dphoto%26hl%3Des\" pluginspage=\"http:\/\/www.macromedia.com\/go\/getflashplayer\"><\/embed><\/p>\n","protected":false},"excerpt":{"rendered":"<p>El dia 11 de mar\u00e7 els nens i les nenes de cicle mitj\u00e0 hem fet una sortida al bonic poble de Miravet. Abans d&#8217;arribar ja es veia el seu imponent castell templer. Durant la visita\u00a0\u00a0ens han explicat\u00a0la seva hist\u00f2ria, els seus diferents espais i la&hellip;  <a href=\"https:\/\/agora.xtec.cat\/escjoanardevol\/general\/cm-excursio-a-miravet\/\" title=\"Read CM Excursi\u00f3 a Miravet\">Llegeix m\u00e9s\u00bb<\/a><\/p>\n","protected":false},"author":1,"featured_media":0,"comment_status":"closed","ping_status":"open","sticky":false,"template":"","format":"standard","meta":{"_bbp_topic_count":0,"_bbp_reply_count":0,"_bbp_total_topic_count":0,"_bbp_total_reply_count":0,"_bbp_voice_count":0,"_bbp_anonymous_reply_count":0,"_bbp_topic_count_hidden":0,"_bbp_reply_count_hidden":0,"_bbp_forum_subforum_count":0,"footnotes":""},"categories":[12,1],"tags":[76,93,16],"class_list":["post-2973","post","type-post","status-publish","format-standard","hentry","category-3r","category-general","tag-cicle-mitja","tag-convivencia","tag-sortides"],"post_mailing_queue_ids":[],"_links":{"self":[{"href":"https:\/\/agora.xtec.cat\/escjoanardevol\/wp-json\/wp\/v2\/posts\/2973","targetHints":{"allow":["GET"]}}],"collection":[{"href":"https:\/\/agora.xtec.cat\/escjoanardevol\/wp-json\/wp\/v2\/posts"}],"about":[{"href":"https:\/\/agora.xtec.cat\/escjoanardevol\/wp-json\/wp\/v2\/types\/post"}],"author":[{"embeddable":true,"href":"https:\/\/agora.xtec.cat\/escjoanardevol\/wp-json\/wp\/v2\/users\/1"}],"replies":[{"embeddable":true,"href":"https:\/\/agora.xtec.cat\/escjoanardevol\/wp-json\/wp\/v2\/comments?post=2973"}],"version-history":[{"count":0,"href":"https:\/\/agora.xtec.cat\/escjoanardevol\/wp-json\/wp\/v2\/posts\/2973\/revisions"}],"wp:attachment":[{"href":"https:\/\/agora.xtec.cat\/escjoanardevol\/wp-json\/wp\/v2\/media?parent=2973"}],"wp:term":[{"taxonomy":"category","embeddable":true,"href":"https:\/\/agora.xtec.cat\/escjoanardevol\/wp-json\/wp\/v2\/categories?post=2973"},{"taxonomy":"post_tag","embeddable":true,"href":"https:\/\/agora.xtec.cat\/escjoanardevol\/wp-json\/wp\/v2\/tags?post=2973"}],"curies":[{"name":"wp","href":"https:\/\/api.w.org\/{rel}","templated":true}]}}