{"id":2880,"date":"2014-12-23T10:29:06","date_gmt":"2014-12-23T10:29:06","guid":{"rendered":"http:\/\/joanardevol.org\/info\/?p=2880"},"modified":"2014-12-23T10:29:06","modified_gmt":"2014-12-23T10:29:06","slug":"vi-concurs-de-fotografia-cientifica-joan-ardevol","status":"publish","type":"post","link":"https:\/\/agora.xtec.cat\/escjoanardevol\/general\/vi-concurs-de-fotografia-cientifica-joan-ardevol\/","title":{"rendered":"VI Concurs de fotografia cient\u00edfica Joan Ard\u00e8vol"},"content":{"rendered":"<p>La participaci\u00f3 al concurs de fotografia cient\u00edfica ha estat, com cada any, molt positiva.\u00a0Hem rebut moltes fotografies que ens mostren la bellesa dels minerals i l\u2019espectacularitat d\u2019alguns indrets de les nostres comarques.<\/p>\n<p>Moltes felicitats a tots els participants.<\/p>\n<p>&nbsp;<embed type=\"application\/x-shockwave-flash\" src=\"https:\/\/photos.gstatic.com\/media\/slideshow.swf\" width=\"600\" height=\"400\" flashvars=\"host=picasaweb.google.com&#038;hl=es&#038;feat=flashalbum&#038;RGB=0x000000&#038;feed=https%3A%2F%2Fpicasaweb.google.com%2Fdata%2Ffeed%2Fapi%2Fuser%2F112024737052192345713%2Falbumid%2F6095668203159294465%3Falt%3Drss%26kind%3Dphoto%26hl%3Des\" pluginspage=\"http:\/\/www.macromedia.com\/go\/getflashplayer\"><\/embed><\/p>\n","protected":false},"excerpt":{"rendered":"<p>La participaci\u00f3 al concurs de fotografia cient\u00edfica ha estat, com cada any, molt positiva.\u00a0Hem rebut moltes fotografies que ens mostren la bellesa dels minerals i l\u2019espectacularitat d\u2019alguns indrets de les nostres comarques.<br \/>\nMoltes felicitats a tots els participants.<br \/>\n&nbsp;<\/p>\n","protected":false},"author":1,"featured_media":0,"comment_status":"closed","ping_status":"open","sticky":false,"template":"","format":"standard","meta":{"_bbp_topic_count":0,"_bbp_reply_count":0,"_bbp_total_topic_count":0,"_bbp_total_reply_count":0,"_bbp_voice_count":0,"_bbp_anonymous_reply_count":0,"_bbp_topic_count_hidden":0,"_bbp_reply_count_hidden":0,"_bbp_forum_subforum_count":0,"footnotes":""},"categories":[10,12,14,1],"tags":[59,80,89,140,146],"class_list":["post-2880","post","type-post","status-publish","format-standard","hentry","category-1r","category-3r","category-5e","category-general","tag-activitats","tag-ciencies","tag-concursos","tag-medi","tag-nadal"],"post_mailing_queue_ids":[],"_links":{"self":[{"href":"https:\/\/agora.xtec.cat\/escjoanardevol\/wp-json\/wp\/v2\/posts\/2880","targetHints":{"allow":["GET"]}}],"collection":[{"href":"https:\/\/agora.xtec.cat\/escjoanardevol\/wp-json\/wp\/v2\/posts"}],"about":[{"href":"https:\/\/agora.xtec.cat\/escjoanardevol\/wp-json\/wp\/v2\/types\/post"}],"author":[{"embeddable":true,"href":"https:\/\/agora.xtec.cat\/escjoanardevol\/wp-json\/wp\/v2\/users\/1"}],"replies":[{"embeddable":true,"href":"https:\/\/agora.xtec.cat\/escjoanardevol\/wp-json\/wp\/v2\/comments?post=2880"}],"version-history":[{"count":0,"href":"https:\/\/agora.xtec.cat\/escjoanardevol\/wp-json\/wp\/v2\/posts\/2880\/revisions"}],"wp:attachment":[{"href":"https:\/\/agora.xtec.cat\/escjoanardevol\/wp-json\/wp\/v2\/media?parent=2880"}],"wp:term":[{"taxonomy":"category","embeddable":true,"href":"https:\/\/agora.xtec.cat\/escjoanardevol\/wp-json\/wp\/v2\/categories?post=2880"},{"taxonomy":"post_tag","embeddable":true,"href":"https:\/\/agora.xtec.cat\/escjoanardevol\/wp-json\/wp\/v2\/tags?post=2880"}],"curies":[{"name":"wp","href":"https:\/\/api.w.org\/{rel}","templated":true}]}}