{"id":288,"date":"2010-12-10T09:44:55","date_gmt":"2010-12-10T09:44:55","guid":{"rendered":"http:\/\/joanardevol.org\/infantil\/?p=89"},"modified":"2010-12-10T09:44:55","modified_gmt":"2010-12-10T09:44:55","slug":"preparant-la-gran-festa","status":"publish","type":"post","link":"https:\/\/agora.xtec.cat\/escjoanardevol\/general\/preparant-la-gran-festa\/","title":{"rendered":"PREPARANT LA GRAN FESTA!"},"content":{"rendered":"<p>Tots els alumnes i mestres estem acabant de preparar amb molta il\u00b7lusi\u00f3 el 50\u00e8 aniversari de la nostra escola.<\/p>\n<p>Els nens i nenes d&#8217;Infantil hem fet un past\u00eds,\u00a0 mmmmmmm que bo!<\/p>\n<p>Esperem que ving\u00faessiu a la festa i disfrut\u00e9ssiu molt\u00edssim!<a rel=\"attachment wp-att-90\" href=\"http:\/\/joanardevol.org\/infantil\/?attachment_id=90\"><br \/>\n<\/a><a rel=\"attachment wp-att-90\" href=\"http:\/\/joanardevol.org\/infantil\/?attachment_id=90\"><img loading=\"lazy\" decoding=\"async\" class=\"aligncenter size-large wp-image-90\" title=\"CIMG3380\" src=\"http:\/\/joanardevol.org\/infantil\/wp-content\/uploads\/2010\/12\/CIMG3380-1024x768.jpg\" alt=\"\" width=\"640\" height=\"480\" \/><\/a><\/p>\n","protected":false},"excerpt":{"rendered":"<p>Tots els alumnes i mestres estem acabant de preparar amb molta il\u00b7lusi\u00f3 el 50\u00e8 aniversari de la nostra escola.<br \/>\nEls nens i nenes d&#8217;Infantil hem fet un past\u00eds,\u00a0 mmmmmmm que bo!<br \/>\nEsperem que ving\u00faessiu a la festa i disfrut\u00e9ssiu molt\u00edssim!<\/p>\n<p>&hellip;  <a href=\"https:\/\/agora.xtec.cat\/escjoanardevol\/general\/preparant-la-gran-festa\/\" title=\"Read PREPARANT LA GRAN FESTA!\">Llegeix m\u00e9s\u00bb<\/a><\/p>\n","protected":false},"author":1,"featured_media":0,"comment_status":"open","ping_status":"closed","sticky":false,"template":"","format":"standard","meta":{"_bbp_topic_count":0,"_bbp_reply_count":0,"_bbp_total_topic_count":0,"_bbp_total_reply_count":0,"_bbp_voice_count":0,"_bbp_anonymous_reply_count":0,"_bbp_topic_count_hidden":0,"_bbp_reply_count_hidden":0,"_bbp_forum_subforum_count":0,"footnotes":""},"categories":[1],"tags":[],"class_list":["post-288","post","type-post","status-publish","format-standard","hentry","category-general"],"post_mailing_queue_ids":[],"_links":{"self":[{"href":"https:\/\/agora.xtec.cat\/escjoanardevol\/wp-json\/wp\/v2\/posts\/288","targetHints":{"allow":["GET"]}}],"collection":[{"href":"https:\/\/agora.xtec.cat\/escjoanardevol\/wp-json\/wp\/v2\/posts"}],"about":[{"href":"https:\/\/agora.xtec.cat\/escjoanardevol\/wp-json\/wp\/v2\/types\/post"}],"author":[{"embeddable":true,"href":"https:\/\/agora.xtec.cat\/escjoanardevol\/wp-json\/wp\/v2\/users\/1"}],"replies":[{"embeddable":true,"href":"https:\/\/agora.xtec.cat\/escjoanardevol\/wp-json\/wp\/v2\/comments?post=288"}],"version-history":[{"count":0,"href":"https:\/\/agora.xtec.cat\/escjoanardevol\/wp-json\/wp\/v2\/posts\/288\/revisions"}],"wp:attachment":[{"href":"https:\/\/agora.xtec.cat\/escjoanardevol\/wp-json\/wp\/v2\/media?parent=288"}],"wp:term":[{"taxonomy":"category","embeddable":true,"href":"https:\/\/agora.xtec.cat\/escjoanardevol\/wp-json\/wp\/v2\/categories?post=288"},{"taxonomy":"post_tag","embeddable":true,"href":"https:\/\/agora.xtec.cat\/escjoanardevol\/wp-json\/wp\/v2\/tags?post=288"}],"curies":[{"name":"wp","href":"https:\/\/api.w.org\/{rel}","templated":true}]}}