{"id":2878,"date":"2014-12-22T16:27:15","date_gmt":"2014-12-22T16:27:15","guid":{"rendered":"http:\/\/joanardevol.org\/info\/?p=2878"},"modified":"2014-12-22T16:27:15","modified_gmt":"2014-12-22T16:27:15","slug":"gimcana-de-nadal","status":"publish","type":"post","link":"https:\/\/agora.xtec.cat\/escjoanardevol\/general\/gimcana-de-nadal\/","title":{"rendered":"Gimcana de Nadal"},"content":{"rendered":"<p>El dilluns, 22 de desembre, \u00a0vam realitzar una Gimcana. Aquest cop, la tem\u00e0tica tractava sobre la diversitat cultura. Pel mat\u00ed els alumnes d&#8217;educaci\u00f3 infantil van fer tallers:<\/p>\n<ul>\n<li>Taller de polseres<\/li>\n<li>Taller de pintar pedres<\/li>\n<li>Taller de danses<\/li>\n<\/ul>\n<p>A educaci\u00f3 prim\u00e0ria, va tractar sobre les diverses cultures dels\u00a0cinc continents. Ens vam distribuir per tot el pati i vam fer:<\/p>\n<ul>\n<li>\u00c0sia: papirofl\u00e8xia<\/li>\n<li>Oceania: collarets<\/li>\n<li>\u00c0frica: pedres amb motius tribals<\/li>\n<li>Europa: mural del logo de l&#8217;escola<\/li>\n<li>Am\u00e8rica: dansa country<\/li>\n<\/ul>\n<p>&nbsp;<embed type=\"application\/x-shockwave-flash\" src=\"https:\/\/photos.gstatic.com\/media\/slideshow.swf\" width=\"600\" height=\"400\" flashvars=\"host=picasaweb.google.com&#038;hl=es&#038;feat=flashalbum&#038;RGB=0x000000&#038;feed=https%3A%2F%2Fpicasaweb.google.com%2Fdata%2Ffeed%2Fapi%2Fuser%2F112024737052192345713%2Falbumid%2F6095694131078326609%3Falt%3Drss%26kind%3Dphoto%26hl%3Des\" pluginspage=\"http:\/\/www.macromedia.com\/go\/getflashplayer\"><\/embed><\/p>\n","protected":false},"excerpt":{"rendered":"<p>El dilluns, 22 de desembre, \u00a0vam realitzar una Gimcana. Aquest cop, la tem\u00e0tica tractava sobre la diversitat cultura. Pel mat\u00ed els alumnes d&#8217;educaci\u00f3 infantil van fer tallers:<\/p>\n<ul>\n<li>Taller de polseres<\/li>\n<li>Taller de pintar pedres<\/li>\n<li>Taller de danses<\/li>\n<\/ul>\n<p>A educaci\u00f3 prim\u00e0ria, va tractar sobre les diverses cultures dels\u00a0cinc continents. Ens&hellip;  <a href=\"https:\/\/agora.xtec.cat\/escjoanardevol\/general\/gimcana-de-nadal\/\" title=\"Read Gimcana de Nadal\">Llegeix m\u00e9s\u00bb<\/a><\/p>\n","protected":false},"author":1,"featured_media":0,"comment_status":"closed","ping_status":"open","sticky":false,"template":"","format":"standard","meta":{"_bbp_topic_count":0,"_bbp_reply_count":0,"_bbp_total_topic_count":0,"_bbp_total_reply_count":0,"_bbp_voice_count":0,"_bbp_anonymous_reply_count":0,"_bbp_topic_count_hidden":0,"_bbp_reply_count_hidden":0,"_bbp_forum_subforum_count":0,"footnotes":""},"categories":[10,12,14,1,2],"tags":[59,75,76,77,93,94,103,117,146,187],"class_list":["post-2878","post","type-post","status-publish","format-standard","hentry","category-1r","category-3r","category-5e","category-general","category-infantil","tag-activitats","tag-cicle-inicial","tag-cicle-mitja","tag-cicle-superior-2","tag-convivencia","tag-cooperacio","tag-educacio-infantil","tag-gimcana","tag-nadal","tag-valors"],"post_mailing_queue_ids":[],"_links":{"self":[{"href":"https:\/\/agora.xtec.cat\/escjoanardevol\/wp-json\/wp\/v2\/posts\/2878","targetHints":{"allow":["GET"]}}],"collection":[{"href":"https:\/\/agora.xtec.cat\/escjoanardevol\/wp-json\/wp\/v2\/posts"}],"about":[{"href":"https:\/\/agora.xtec.cat\/escjoanardevol\/wp-json\/wp\/v2\/types\/post"}],"author":[{"embeddable":true,"href":"https:\/\/agora.xtec.cat\/escjoanardevol\/wp-json\/wp\/v2\/users\/1"}],"replies":[{"embeddable":true,"href":"https:\/\/agora.xtec.cat\/escjoanardevol\/wp-json\/wp\/v2\/comments?post=2878"}],"version-history":[{"count":0,"href":"https:\/\/agora.xtec.cat\/escjoanardevol\/wp-json\/wp\/v2\/posts\/2878\/revisions"}],"wp:attachment":[{"href":"https:\/\/agora.xtec.cat\/escjoanardevol\/wp-json\/wp\/v2\/media?parent=2878"}],"wp:term":[{"taxonomy":"category","embeddable":true,"href":"https:\/\/agora.xtec.cat\/escjoanardevol\/wp-json\/wp\/v2\/categories?post=2878"},{"taxonomy":"post_tag","embeddable":true,"href":"https:\/\/agora.xtec.cat\/escjoanardevol\/wp-json\/wp\/v2\/tags?post=2878"}],"curies":[{"name":"wp","href":"https:\/\/api.w.org\/{rel}","templated":true}]}}