{"id":287,"date":"2010-12-09T21:30:47","date_gmt":"2010-12-09T21:30:47","guid":{"rendered":"http:\/\/joanardevol.org\/infantil\/?p=66"},"modified":"2010-12-09T21:30:47","modified_gmt":"2010-12-09T21:30:47","slug":"visitem-cambrils-ornitologic","status":"publish","type":"post","link":"https:\/\/agora.xtec.cat\/escjoanardevol\/general\/visitem-cambrils-ornitologic\/","title":{"rendered":"VISITEM CAMBRILS ORNITOL\u00d2GIC!"},"content":{"rendered":"<p>Dijous 2 i  divendres 3 de desembre, els nens i nenes d&#8217;Educaci\u00f3 Infantil vam anar amb trenet a Cambrils Ornitol\u00f2gic, situat a la cooperativa agr\u00edcola de Cambrils.<\/p>\n<p><a rel=\"attachment wp-att-69\" href=\"http:\/\/joanardevol.org\/infantil\/?attachment_id=69\"><img loading=\"lazy\" decoding=\"async\" class=\"alignleft size-thumbnail wp-image-69\" title=\"IMG_7576\" src=\"http:\/\/joanardevol.org\/infantil\/wp-content\/uploads\/2010\/12\/IMG_75761-150x150.jpg\" alt=\"\" width=\"127\" height=\"127\" \/><\/a><\/p>\n<p style=\"text-align: left;\">Els senyors que ens van rebre ens van ensenyar tot tipus de canaris. N&#8217;hi havia molt\u00edssims!<\/p>\n<p>Ens va agradar molt con\u00e8ixer tants canaris diferents! Va ser una petita excursi\u00f3 molt interessant.<\/p>\n<p style=\"text-align: center;\"><a rel=\"attachment wp-att-68\" href=\"http:\/\/joanardevol.org\/infantil\/?attachment_id=68\"><img loading=\"lazy\" decoding=\"async\" class=\"size-medium wp-image-68 alignleft\" title=\"IMG_8248\" src=\"http:\/\/joanardevol.org\/infantil\/wp-content\/uploads\/2010\/12\/IMG_8248-300x224.jpg\" alt=\"\" width=\"258\" height=\"193\" \/><\/a><\/p>\n","protected":false},"excerpt":{"rendered":"<p>Dijous 2 i divendres 3 de desembre, els nens i nenes d&#8217;Educaci\u00f3 Infantil vam anar amb trenet a Cambrils Ornitol\u00f2gic, situat a la cooperativa agr\u00edcola de Cambrils. Els senyors que ens van rebre ens van ensenyar tot tipus de canaris. &#8230; <a href=\"http:\/\/joanardevol.org\/infantil\/?p=66\">Continua llegint <span>&#8594;<\/span><\/a>&hellip;  <a href=\"https:\/\/agora.xtec.cat\/escjoanardevol\/general\/visitem-cambrils-ornitologic\/\" title=\"Read VISITEM CAMBRILS ORNITOL\u00d2GIC!\">Llegeix m\u00e9s\u00bb<\/a><\/p>\n","protected":false},"author":1,"featured_media":0,"comment_status":"open","ping_status":"closed","sticky":false,"template":"","format":"standard","meta":{"_bbp_topic_count":0,"_bbp_reply_count":0,"_bbp_total_topic_count":0,"_bbp_total_reply_count":0,"_bbp_voice_count":0,"_bbp_anonymous_reply_count":0,"_bbp_topic_count_hidden":0,"_bbp_reply_count_hidden":0,"_bbp_forum_subforum_count":0,"footnotes":""},"categories":[1],"tags":[],"class_list":["post-287","post","type-post","status-publish","format-standard","hentry","category-general"],"post_mailing_queue_ids":[],"_links":{"self":[{"href":"https:\/\/agora.xtec.cat\/escjoanardevol\/wp-json\/wp\/v2\/posts\/287","targetHints":{"allow":["GET"]}}],"collection":[{"href":"https:\/\/agora.xtec.cat\/escjoanardevol\/wp-json\/wp\/v2\/posts"}],"about":[{"href":"https:\/\/agora.xtec.cat\/escjoanardevol\/wp-json\/wp\/v2\/types\/post"}],"author":[{"embeddable":true,"href":"https:\/\/agora.xtec.cat\/escjoanardevol\/wp-json\/wp\/v2\/users\/1"}],"replies":[{"embeddable":true,"href":"https:\/\/agora.xtec.cat\/escjoanardevol\/wp-json\/wp\/v2\/comments?post=287"}],"version-history":[{"count":0,"href":"https:\/\/agora.xtec.cat\/escjoanardevol\/wp-json\/wp\/v2\/posts\/287\/revisions"}],"wp:attachment":[{"href":"https:\/\/agora.xtec.cat\/escjoanardevol\/wp-json\/wp\/v2\/media?parent=287"}],"wp:term":[{"taxonomy":"category","embeddable":true,"href":"https:\/\/agora.xtec.cat\/escjoanardevol\/wp-json\/wp\/v2\/categories?post=287"},{"taxonomy":"post_tag","embeddable":true,"href":"https:\/\/agora.xtec.cat\/escjoanardevol\/wp-json\/wp\/v2\/tags?post=287"}],"curies":[{"name":"wp","href":"https:\/\/api.w.org\/{rel}","templated":true}]}}