{"id":2861,"date":"2014-12-12T19:00:22","date_gmt":"2014-12-12T19:00:22","guid":{"rendered":"http:\/\/joanardevol.org\/info\/?p=2861"},"modified":"2014-12-12T19:00:22","modified_gmt":"2014-12-12T19:00:22","slug":"marato-tv3-2014","status":"publish","type":"post","link":"https:\/\/agora.xtec.cat\/escjoanardevol\/general\/marato-tv3-2014\/","title":{"rendered":"Marat\u00f3 TV3 2014"},"content":{"rendered":"<p>Un any m\u00e9s, la nostra escola s&#8217;ha abocat a col\u00b7laborar amb la marat\u00f3 de TV3, enguany destinada a lluitar contra les malalties del cor. Les nenes i els nens de l&#8217;escola han fet manualitats i el divendres, 12 de desembre \u00a0a la sortida de l&#8217;escola, els de 6\u00e8 han muntat una paradeta i les han venut a les fam\u00edlies. L&#8217;AMPA tamb\u00e9 s&#8217;ha sumat, una vegada m\u00e9s, fent un berenar solidari i un mercadet de joguines.<\/p>\n<table style=\"text-align: left; width: 100%;\" border=\"0\" cellspacing=\"1\" cellpadding=\"1\">\n<tbody>\n<tr>\n<td style=\"vertical-align: top;\"><a href=\"http:\/\/agora.xtec.cat\/escjoanardevol\/wp-content\/uploads\/usu550\/2014\/12\/DSC_0011-1.jpg\" target=\"_blank\"><img loading=\"lazy\" decoding=\"async\" class=\"alignnone wp-image-2863 size-medium\" src=\"http:\/\/agora.xtec.cat\/escjoanardevol\/wp-content\/uploads\/usu550\/2014\/12\/DSC_0011-1-300x200.jpg\" alt=\"DSC_0011\" width=\"300\" height=\"200\" \/><\/a><\/td>\n<td style=\"vertical-align: top;\"><a href=\"http:\/\/agora.xtec.cat\/escjoanardevol\/wp-content\/uploads\/usu550\/2014\/12\/DSC_0013.jpg\" target=\"_blank\"><img loading=\"lazy\" decoding=\"async\" class=\"alignnone wp-image-2864 size-medium\" src=\"http:\/\/agora.xtec.cat\/escjoanardevol\/wp-content\/uploads\/usu550\/2014\/12\/DSC_0013-300x200.jpg\" alt=\"DSC_0013\" width=\"300\" height=\"200\" \/><\/a><\/td>\n<\/tr>\n<tr>\n<td style=\"vertical-align: top;\"><a href=\"http:\/\/agora.xtec.cat\/escjoanardevol\/wp-content\/uploads\/usu550\/2014\/12\/DSC_0022-1.jpg\" target=\"_blank\"><img loading=\"lazy\" decoding=\"async\" class=\"alignnone wp-image-2865 size-medium\" src=\"http:\/\/agora.xtec.cat\/escjoanardevol\/wp-content\/uploads\/usu550\/2014\/12\/DSC_0022-1-300x200.jpg\" alt=\"DSC_0022\" width=\"300\" height=\"200\" \/><\/a><\/td>\n<td style=\"vertical-align: top;\"><a href=\"http:\/\/agora.xtec.cat\/escjoanardevol\/wp-content\/uploads\/usu550\/2014\/12\/DSC_0059-1.jpg\" target=\"_blank\"><img loading=\"lazy\" decoding=\"async\" class=\"alignnone wp-image-2868 size-medium\" src=\"http:\/\/agora.xtec.cat\/escjoanardevol\/wp-content\/uploads\/usu550\/2014\/12\/DSC_0059-1-300x200.jpg\" alt=\"DSC_0059\" width=\"300\" height=\"200\" \/><\/a><\/td>\n<\/tr>\n<\/tbody>\n<\/table>\n<p>Els objectes que els alumnes han elaborat per a la Marat\u00f3 s\u00f3n:<br \/>\n<strong>P3<\/strong>:\u00a0penjoll amb purpurina en forma de cor<br \/>\n<strong>P4<\/strong>:\u00a0bola de Nadal amb cartolina per penjar al&#8221;arbre<br \/>\n<strong>P5<\/strong>:\u00a0estrella per penjar a l&#8217;arbre amb la foto dels alumnes al mig<br \/>\n<strong>1r<\/strong>:\u00a0arbre de nadal per decorar<br \/>\n<strong>2n<\/strong>:\u00a0pot de vidre nadalenc<br \/>\n<strong>3r<\/strong>:\u00a0pare no\u00ebl per penjar a la nevera<br \/>\n<strong>4t<\/strong>:\u00a0llaunes per posar els llapis<br \/>\n<strong>5\u00e8 i 6\u00e8<\/strong>:\u00a0moneders\/fundes per m\u00f2bil i estoigs<\/p>\n<p>Enguany, com a novetat, el menjador de l&#8217;escola, per mitj\u00e0 de les seves monitores, tamb\u00e9 va col\u00b7laborar amb un esmorzar solidari el dia 4 de desembre:<\/p>\n<p><a href=\"http:\/\/agora.xtec.cat\/escjoanardevol\/wp-content\/uploads\/usu550\/2014\/12\/marato-monitores-1.jpg\" target=\"_blank\"><img loading=\"lazy\" decoding=\"async\" class=\"alignnone wp-image-2862\" src=\"http:\/\/agora.xtec.cat\/escjoanardevol\/wp-content\/uploads\/usu550\/2014\/12\/marato-monitores-1-1024x682.jpg\" alt=\"marato monitores\" width=\"600\" height=\"400\" \/><\/a><br \/>\n<embed type=\"application\/x-shockwave-flash\" src=\"https:\/\/photos.gstatic.com\/media\/slideshow.swf\" width=\"600\" height=\"400\" flashvars=\"host=picasaweb.google.com&#038;hl=es&#038;feat=flashalbum&#038;RGB=0x000000&#038;feed=https%3A%2F%2Fpicasaweb.google.com%2Fdata%2Ffeed%2Fapi%2Fuser%2F112024737052192345713%2Falbumid%2F6091992813513736033%3Falt%3Drss%26kind%3Dphoto%26hl%3Des\" pluginspage=\"http:\/\/www.macromedia.com\/go\/getflashplayer\"><\/embed><\/p>\n","protected":false},"excerpt":{"rendered":"<p>Un any m\u00e9s, la nostra escola s&#8217;ha abocat a col\u00b7laborar amb la marat\u00f3 de TV3, enguany destinada a lluitar contra les malalties del cor. Les nenes i els nens de l&#8217;escola han fet manualitats i el divendres, 12 de desembre \u00a0a la sortida de l&#8217;escola,&hellip;  <a href=\"https:\/\/agora.xtec.cat\/escjoanardevol\/general\/marato-tv3-2014\/\" title=\"Read Marat\u00f3 TV3 2014\">Llegeix m\u00e9s\u00bb<\/a><\/p>\n","protected":false},"author":1,"featured_media":0,"comment_status":"open","ping_status":"open","sticky":false,"template":"","format":"standard","meta":{"_bbp_topic_count":0,"_bbp_reply_count":0,"_bbp_total_topic_count":0,"_bbp_total_reply_count":0,"_bbp_voice_count":0,"_bbp_anonymous_reply_count":0,"_bbp_topic_count_hidden":0,"_bbp_reply_count_hidden":0,"_bbp_forum_subforum_count":0,"footnotes":""},"categories":[10,12,14,1,2],"tags":[59,75,76,77,94,103,138,146],"class_list":["post-2861","post","type-post","status-publish","format-standard","hentry","category-1r","category-3r","category-5e","category-general","category-infantil","tag-activitats","tag-cicle-inicial","tag-cicle-mitja","tag-cicle-superior-2","tag-cooperacio","tag-educacio-infantil","tag-marato","tag-nadal"],"post_mailing_queue_ids":[],"_links":{"self":[{"href":"https:\/\/agora.xtec.cat\/escjoanardevol\/wp-json\/wp\/v2\/posts\/2861","targetHints":{"allow":["GET"]}}],"collection":[{"href":"https:\/\/agora.xtec.cat\/escjoanardevol\/wp-json\/wp\/v2\/posts"}],"about":[{"href":"https:\/\/agora.xtec.cat\/escjoanardevol\/wp-json\/wp\/v2\/types\/post"}],"author":[{"embeddable":true,"href":"https:\/\/agora.xtec.cat\/escjoanardevol\/wp-json\/wp\/v2\/users\/1"}],"replies":[{"embeddable":true,"href":"https:\/\/agora.xtec.cat\/escjoanardevol\/wp-json\/wp\/v2\/comments?post=2861"}],"version-history":[{"count":0,"href":"https:\/\/agora.xtec.cat\/escjoanardevol\/wp-json\/wp\/v2\/posts\/2861\/revisions"}],"wp:attachment":[{"href":"https:\/\/agora.xtec.cat\/escjoanardevol\/wp-json\/wp\/v2\/media?parent=2861"}],"wp:term":[{"taxonomy":"category","embeddable":true,"href":"https:\/\/agora.xtec.cat\/escjoanardevol\/wp-json\/wp\/v2\/categories?post=2861"},{"taxonomy":"post_tag","embeddable":true,"href":"https:\/\/agora.xtec.cat\/escjoanardevol\/wp-json\/wp\/v2\/tags?post=2861"}],"curies":[{"name":"wp","href":"https:\/\/api.w.org\/{rel}","templated":true}]}}