{"id":2851,"date":"2014-12-04T09:56:59","date_gmt":"2014-12-04T09:56:59","guid":{"rendered":"http:\/\/joanardevol.org\/info\/?p=2851"},"modified":"2014-12-04T09:56:59","modified_gmt":"2014-12-04T09:56:59","slug":"ix-concurs-de-pessebres-2014","status":"publish","type":"post","link":"https:\/\/agora.xtec.cat\/escjoanardevol\/general\/ix-concurs-de-pessebres-2014\/","title":{"rendered":"IX concurs de pessebres (2014)"},"content":{"rendered":"<p>Un any mes l&#8217;escola convoca el IX Concurs de pessebres obert a la participaci\u00f3 volunt\u00e0ria de tot l&#8217;alumnat tant d&#8217;Educaci\u00f3 Infantil com de prim\u00e0ria i les seves fam\u00edlies.<\/p>\n<h2>BASES del concurs<\/h2>\n<p>&#8211; Elaboraci\u00f3 casolana de petits pessebres.<br \/>\n&#8211; Tot pessebre presentat ser\u00e0 v\u00e0lid a partir de la pres\u00e8ncia de les figures b\u00e0siques del naixement: Sant Josep, Verge Maria, nen Jes\u00fas, bou i mula.<br \/>\n&#8211; La t\u00e8cnica d&#8217;elaboraci\u00f3 ser\u00e0 escollida per cada participant .<br \/>\n&#8211; La dimensi\u00f3 m\u00e0xima de tot el conjunt no hauria d&#8217;excedir les dimensions d&#8217;un full DINA-3 (297mm x 420 mm.)<br \/>\n&#8211; Els treballs elaborats s&#8217;exposaran a l&#8217;entrada de l&#8217;escola.<\/p>\n<h2>PREMIS<\/h2>\n<p>&#8211; S&#8217;establir\u00e0 un guanyador per cicle.<br \/>\n&#8211; Premi per al m\u00e9s original de la totalitat de treballs presentats.<br \/>\n&#8211; Premi a la millor presentaci\u00f3.<br \/>\n&#8211; Lliurament de premis el dia 23 de desembre.<\/p>\n<p>La data de lliurament dels pessebres ser\u00e0 durant la setmana del 9 al 12 de desembre.<\/p>\n<p>&nbsp;<\/p>\n<table border=\"0\" width=\"100%\" cellpadding=\"0\">\n<tbody>\n<tr>\n<td><\/td>\n<td>Fotos dels pessebres del Nadal 2013<\/td>\n<\/tr>\n<tr>\n<td>\u00a0<a href=\"http:\/\/joanardevol.org\/info\/wp-content\/uploads\/2014\/12\/animeuvos_pessebres.jpg\"><img loading=\"lazy\" decoding=\"async\" class=\"alignnone wp-image-2852 size-thumbnail\" src=\"http:\/\/joanardevol.org\/info\/wp-content\/uploads\/2014\/12\/animeuvos_pessebres-150x150.jpg\" alt=\"animeuvos_pessebres\" width=\"150\" height=\"150\" \/><\/a><\/td>\n<td><embed type=\"application\/x-shockwave-flash\" src=\"https:\/\/photos.gstatic.com\/media\/slideshow.swf\" width=\"400\" height=\"267\" flashvars=\"host=picasaweb.google.com&#038;hl=ca&#038;feat=flashalbum&#038;RGB=0x000000&#038;feed=https%3A%2F%2Fpicasaweb.google.com%2Fdata%2Ffeed%2Fapi%2Fuser%2F104441221767343032393%2Falbumid%2F5959115897310432097%3Falt%3Drss%26kind%3Dphoto%26hl%3Dca\" pluginspage=\"http:\/\/www.macromedia.com\/go\/getflashplayer\"><\/embed><\/td>\n<\/tr>\n<\/tbody>\n<\/table>\n<p>&nbsp;<\/p>\n","protected":false},"excerpt":{"rendered":"<p>Un any mes l&#8217;escola convoca el IX Concurs de pessebres obert a la participaci\u00f3 volunt\u00e0ria de tot l&#8217;alumnat tant d&#8217;Educaci\u00f3 Infantil com de prim\u00e0ria i les seves fam\u00edlies.<br \/>\nBASES del concurs<br \/>\n&#8211; Elaboraci\u00f3 casolana de petits pessebres.<br \/>\n&#8211; Tot pessebre presentat ser\u00e0 v\u00e0lid a partir de la pres\u00e8ncia&hellip;  <a href=\"https:\/\/agora.xtec.cat\/escjoanardevol\/general\/ix-concurs-de-pessebres-2014\/\" title=\"Read IX concurs de pessebres (2014)\">Llegeix m\u00e9s\u00bb<\/a><\/p>\n","protected":false},"author":1,"featured_media":0,"comment_status":"open","ping_status":"open","sticky":false,"template":"","format":"standard","meta":{"_bbp_topic_count":0,"_bbp_reply_count":0,"_bbp_total_topic_count":0,"_bbp_total_reply_count":0,"_bbp_voice_count":0,"_bbp_anonymous_reply_count":0,"_bbp_topic_count_hidden":0,"_bbp_reply_count_hidden":0,"_bbp_forum_subforum_count":0,"footnotes":""},"categories":[10,12,14,1,2],"tags":[59,89,94,114,146,182],"class_list":["post-2851","post","type-post","status-publish","format-standard","hentry","category-1r","category-3r","category-5e","category-general","category-infantil","tag-activitats","tag-concursos","tag-cooperacio","tag-families","tag-nadal","tag-treball"],"post_mailing_queue_ids":[],"_links":{"self":[{"href":"https:\/\/agora.xtec.cat\/escjoanardevol\/wp-json\/wp\/v2\/posts\/2851","targetHints":{"allow":["GET"]}}],"collection":[{"href":"https:\/\/agora.xtec.cat\/escjoanardevol\/wp-json\/wp\/v2\/posts"}],"about":[{"href":"https:\/\/agora.xtec.cat\/escjoanardevol\/wp-json\/wp\/v2\/types\/post"}],"author":[{"embeddable":true,"href":"https:\/\/agora.xtec.cat\/escjoanardevol\/wp-json\/wp\/v2\/users\/1"}],"replies":[{"embeddable":true,"href":"https:\/\/agora.xtec.cat\/escjoanardevol\/wp-json\/wp\/v2\/comments?post=2851"}],"version-history":[{"count":0,"href":"https:\/\/agora.xtec.cat\/escjoanardevol\/wp-json\/wp\/v2\/posts\/2851\/revisions"}],"wp:attachment":[{"href":"https:\/\/agora.xtec.cat\/escjoanardevol\/wp-json\/wp\/v2\/media?parent=2851"}],"wp:term":[{"taxonomy":"category","embeddable":true,"href":"https:\/\/agora.xtec.cat\/escjoanardevol\/wp-json\/wp\/v2\/categories?post=2851"},{"taxonomy":"post_tag","embeddable":true,"href":"https:\/\/agora.xtec.cat\/escjoanardevol\/wp-json\/wp\/v2\/tags?post=2851"}],"curies":[{"name":"wp","href":"https:\/\/api.w.org\/{rel}","templated":true}]}}