{"id":2809,"date":"2014-11-17T18:08:58","date_gmt":"2014-11-17T18:08:58","guid":{"rendered":"http:\/\/joanardevol.org\/info\/?p=2809"},"modified":"2014-11-17T18:08:58","modified_gmt":"2014-11-17T18:08:58","slug":"xix-setmana-de-la-ciencia","status":"publish","type":"post","link":"https:\/\/agora.xtec.cat\/escjoanardevol\/general\/xix-setmana-de-la-ciencia\/","title":{"rendered":"XIX SETMANA DE LA CI\u00c8NCIA"},"content":{"rendered":"<p>Del 14 al 23 de novembre se celebra la XIX Setmana de la Ci\u00e8ncia que t\u00e9 com a objectiu fonamental despertar i potenciar l&#8217;inter\u00e8s dels m\u00e9s joves sobre els temes cient\u00edfics i tecnol\u00f2gics.<\/p>\n<p>Els temes centrals de l&#8217;edici\u00f3 d&#8217;enguany s\u00f3n la cristal\u00b7lografia i la biotecnologia amb motiu de la celebraci\u00f3 de: \u201c<strong>L&#8217;any internacional de la cristal\u00b7lografia\u201d i \u201cL&#8217;any de la biotecnologia\u201d.<\/strong><\/p>\n<p><strong>\u00a0<\/strong>A l&#8217;escola ens centrarem en activitats referents a \u201c<strong>Minerals, roques i paisatges geol\u00f2gics\u201d.\u00a0<\/strong>\u00a0Durant aquesta setmana s&#8217;organitzen arreu de Catalunya un conjunt d&#8217;activitats relacionades amb la ci\u00e8ncia. Us animem a participar-hi.<\/p>\n<p>Des de l&#8217;escola volem participar tamb\u00e9 en aquesta celebraci\u00f3 amb l&#8217;organitzaci\u00f3 d&#8217;algunes activitats a les aules i en la convocat\u00f2ria del <strong>VI Concurs de fotografia cient\u00edfica<\/strong>.<\/p>\n<p><a href=\"http:\/\/agora.xtec.cat\/escjoanardevol\/wp-content\/uploads\/usu550\/2014\/11\/Cartell-Setmana-de-la-ci\u00e8ncia-14-15.jpg\" target=\"_blank\"><img loading=\"lazy\" decoding=\"async\" class=\"alignnone wp-image-2810\" src=\"http:\/\/agora.xtec.cat\/escjoanardevol\/wp-content\/uploads\/usu550\/2014\/11\/Cartell-Setmana-de-la-ci\u00e8ncia-14-15-1024x724.jpg\" alt=\"Cartell Setmana de la ci\u00e8ncia 14-15\" width=\"600\" height=\"424\" srcset=\"https:\/\/agora.xtec.cat\/escjoanardevol\/wp-content\/uploads\/usu550\/2014\/11\/Cartell-Setmana-de-la-ci\u00e8ncia-14-15-1024x724.jpg 1024w, https:\/\/agora.xtec.cat\/escjoanardevol\/wp-content\/uploads\/usu550\/2014\/11\/Cartell-Setmana-de-la-ci\u00e8ncia-14-15-300x212.jpg 300w, https:\/\/agora.xtec.cat\/escjoanardevol\/wp-content\/uploads\/usu550\/2014\/11\/Cartell-Setmana-de-la-ci\u00e8ncia-14-15-768x543.jpg 768w, https:\/\/agora.xtec.cat\/escjoanardevol\/wp-content\/uploads\/usu550\/2014\/11\/Cartell-Setmana-de-la-ci\u00e8ncia-14-15.jpg 1935w\" sizes=\"auto, (max-width: 600px) 100vw, 600px\" \/><\/a><\/p>\n","protected":false},"excerpt":{"rendered":"<p>Del 14 al 23 de novembre se celebra la XIX Setmana de la Ci\u00e8ncia que t\u00e9 com a objectiu fonamental despertar i potenciar l&#8217;inter\u00e8s dels m\u00e9s joves sobre els temes cient\u00edfics i tecnol\u00f2gics.<br \/>\nEls temes centrals de l&#8217;edici\u00f3 d&#8217;enguany s\u00f3n la cristal\u00b7lografia i la biotecnologia amb&hellip;  <a href=\"https:\/\/agora.xtec.cat\/escjoanardevol\/general\/xix-setmana-de-la-ciencia\/\" title=\"Read XIX SETMANA DE LA CI\u00c8NCIA\">Llegeix m\u00e9s\u00bb<\/a><\/p>\n","protected":false},"author":1,"featured_media":0,"comment_status":"open","ping_status":"open","sticky":false,"template":"","format":"standard","meta":{"_bbp_topic_count":0,"_bbp_reply_count":0,"_bbp_total_topic_count":0,"_bbp_total_reply_count":0,"_bbp_voice_count":0,"_bbp_anonymous_reply_count":0,"_bbp_topic_count_hidden":0,"_bbp_reply_count_hidden":0,"_bbp_forum_subforum_count":0,"footnotes":""},"categories":[10,12,14,1,2],"tags":[80,88,89,140,160],"class_list":["post-2809","post","type-post","status-publish","format-standard","hentry","category-1r","category-3r","category-5e","category-general","category-infantil","tag-ciencies","tag-concurs","tag-concursos","tag-medi","tag-premis"],"post_mailing_queue_ids":[],"_links":{"self":[{"href":"https:\/\/agora.xtec.cat\/escjoanardevol\/wp-json\/wp\/v2\/posts\/2809","targetHints":{"allow":["GET"]}}],"collection":[{"href":"https:\/\/agora.xtec.cat\/escjoanardevol\/wp-json\/wp\/v2\/posts"}],"about":[{"href":"https:\/\/agora.xtec.cat\/escjoanardevol\/wp-json\/wp\/v2\/types\/post"}],"author":[{"embeddable":true,"href":"https:\/\/agora.xtec.cat\/escjoanardevol\/wp-json\/wp\/v2\/users\/1"}],"replies":[{"embeddable":true,"href":"https:\/\/agora.xtec.cat\/escjoanardevol\/wp-json\/wp\/v2\/comments?post=2809"}],"version-history":[{"count":0,"href":"https:\/\/agora.xtec.cat\/escjoanardevol\/wp-json\/wp\/v2\/posts\/2809\/revisions"}],"wp:attachment":[{"href":"https:\/\/agora.xtec.cat\/escjoanardevol\/wp-json\/wp\/v2\/media?parent=2809"}],"wp:term":[{"taxonomy":"category","embeddable":true,"href":"https:\/\/agora.xtec.cat\/escjoanardevol\/wp-json\/wp\/v2\/categories?post=2809"},{"taxonomy":"post_tag","embeddable":true,"href":"https:\/\/agora.xtec.cat\/escjoanardevol\/wp-json\/wp\/v2\/tags?post=2809"}],"curies":[{"name":"wp","href":"https:\/\/api.w.org\/{rel}","templated":true}]}}