{"id":2793,"date":"2014-11-10T14:06:17","date_gmt":"2014-11-10T14:06:17","guid":{"rendered":"http:\/\/joanardevol.org\/info\/?p=2793"},"modified":"2014-11-10T14:06:17","modified_gmt":"2014-11-10T14:06:17","slug":"coral-del-joan-ardevol","status":"publish","type":"post","link":"https:\/\/agora.xtec.cat\/escjoanardevol\/general\/coral-del-joan-ardevol\/","title":{"rendered":"Coral del Joan Ard\u00e8vol"},"content":{"rendered":"<p>El passat 7 de novembre, la Coral Escola Joan Ard\u00e8vol ens vam fer la nostra primera foto de grup. Qu\u00e8 macos sortim amb els nostres colors i el mocador!<\/p>\n<p>Esperem que aviat us puguem oferir bons moments musicals.<\/p>\n<figure class=\"figure wp-caption alignnone\"><a href=\"http:\/\/agora.xtec.cat\/escjoanardevol\/wp-content\/uploads\/usu550\/2014\/11\/DSC_00111.jpg\" target=\"_blank\"><img loading=\"lazy\" decoding=\"async\" class=\"wp-image-2795\" src=\"http:\/\/agora.xtec.cat\/escjoanardevol\/wp-content\/uploads\/usu550\/2014\/11\/DSC_00111.jpg\" alt=\"Coral Joan Ard\u00e8vol 2014-2015\" width=\"600\" height=\"400\" \/><\/a><figcaption class=\"wp-caption-text\">Coral Joan Ard\u00e8vol 2014-2015<\/figcaption><\/figure>\n","protected":false},"excerpt":{"rendered":"<p>El passat 7 de novembre, la Coral Escola Joan Ard\u00e8vol ens vam fer la nostra primera foto de grup. Qu\u00e8 macos sortim amb els nostres colors i el mocador!<br \/>\nEsperem que aviat us puguem oferir bons moments musicals.<br \/>\n<a href=\"http:\/\/agora.xtec.cat\/escjoanardevol\/wp-content\/uploads\/usu550\/2014\/11\/DSC_00111.jpg\" target=\"_blank\"><\/a>Coral Joan Ard\u00e8vol 2014-2015<\/p>\n","protected":false},"author":1,"featured_media":0,"comment_status":"open","ping_status":"open","sticky":false,"template":"","format":"standard","meta":{"_bbp_topic_count":0,"_bbp_reply_count":0,"_bbp_total_topic_count":0,"_bbp_total_reply_count":0,"_bbp_voice_count":0,"_bbp_anonymous_reply_count":0,"_bbp_topic_count_hidden":0,"_bbp_reply_count_hidden":0,"_bbp_forum_subforum_count":0,"footnotes":""},"categories":[12,14,1],"tags":[97,116,145],"class_list":["post-2793","post","type-post","status-publish","format-standard","hentry","category-3r","category-5e","category-general","tag-coral","tag-fotos","tag-musica"],"post_mailing_queue_ids":[],"_links":{"self":[{"href":"https:\/\/agora.xtec.cat\/escjoanardevol\/wp-json\/wp\/v2\/posts\/2793","targetHints":{"allow":["GET"]}}],"collection":[{"href":"https:\/\/agora.xtec.cat\/escjoanardevol\/wp-json\/wp\/v2\/posts"}],"about":[{"href":"https:\/\/agora.xtec.cat\/escjoanardevol\/wp-json\/wp\/v2\/types\/post"}],"author":[{"embeddable":true,"href":"https:\/\/agora.xtec.cat\/escjoanardevol\/wp-json\/wp\/v2\/users\/1"}],"replies":[{"embeddable":true,"href":"https:\/\/agora.xtec.cat\/escjoanardevol\/wp-json\/wp\/v2\/comments?post=2793"}],"version-history":[{"count":0,"href":"https:\/\/agora.xtec.cat\/escjoanardevol\/wp-json\/wp\/v2\/posts\/2793\/revisions"}],"wp:attachment":[{"href":"https:\/\/agora.xtec.cat\/escjoanardevol\/wp-json\/wp\/v2\/media?parent=2793"}],"wp:term":[{"taxonomy":"category","embeddable":true,"href":"https:\/\/agora.xtec.cat\/escjoanardevol\/wp-json\/wp\/v2\/categories?post=2793"},{"taxonomy":"post_tag","embeddable":true,"href":"https:\/\/agora.xtec.cat\/escjoanardevol\/wp-json\/wp\/v2\/tags?post=2793"}],"curies":[{"name":"wp","href":"https:\/\/api.w.org\/{rel}","templated":true}]}}