{"id":2786,"date":"2014-10-29T10:57:15","date_gmt":"2014-10-29T10:57:15","guid":{"rendered":"http:\/\/joanardevol.org\/info\/?p=2786"},"modified":"2014-10-29T10:57:15","modified_gmt":"2014-10-29T10:57:15","slug":"5e-sortida-a-la-riera","status":"publish","type":"post","link":"https:\/\/agora.xtec.cat\/escjoanardevol\/general\/5e-sortida-a-la-riera\/","title":{"rendered":"5\u00e8 Sortida a la riera"},"content":{"rendered":"<p>Erosi\u00f3, transport, sedimentaci\u00f3\u2026s\u00f3n alguns dels conceptes que els alumnes de 5\u00e8 vam treballar a la sortida del passat divendres 24 d\u2019octubre. Vam anar fins a la riera d\u2019Alforja (Cambrils) caminant i vam recollir c\u00f2dols, un tipus de pedres erosionades, transportades i sedimentades per l\u2019aigua.<\/p>\n<p>Aquests c\u00f2dols ens serviran tamb\u00e9 per a la gimcana que la comissi\u00f3 de conviv\u00e8ncia est\u00e0 preparant per al proper mes de desembre,\u00a0 on participaran tots els alumnes de l&#8217;escola.<\/p>\n<p>&nbsp;<embed type=\"application\/x-shockwave-flash\" src=\"https:\/\/photos.gstatic.com\/media\/slideshow.swf\" width=\"600\" height=\"400\" flashvars=\"host=picasaweb.google.com&#038;hl=es&#038;feat=flashalbum&#038;RGB=0x000000&#038;feed=https%3A%2F%2Fpicasaweb.google.com%2Fdata%2Ffeed%2Fapi%2Fuser%2F112024737052192345713%2Falbumid%2F6076309793853526513%3Falt%3Drss%26kind%3Dphoto%26hl%3Des\" pluginspage=\"http:\/\/www.macromedia.com\/go\/getflashplayer\"><\/embed><\/p>\n","protected":false},"excerpt":{"rendered":"<p>Erosi\u00f3, transport, sedimentaci\u00f3\u2026s\u00f3n alguns dels conceptes que els alumnes de 5\u00e8 vam treballar a la sortida del passat divendres 24 d\u2019octubre. Vam anar fins a la riera d\u2019Alforja (Cambrils) caminant i vam recollir c\u00f2dols, un tipus de pedres erosionades, transportades i sedimentades per l\u2019aigua.<br \/>\nAquests c\u00f2dols&hellip;  <a href=\"https:\/\/agora.xtec.cat\/escjoanardevol\/general\/5e-sortida-a-la-riera\/\" title=\"Read 5\u00e8 Sortida a la riera\">Llegeix m\u00e9s\u00bb<\/a><\/p>\n","protected":false},"author":1,"featured_media":0,"comment_status":"open","ping_status":"open","sticky":false,"template":"","format":"standard","meta":{"_bbp_topic_count":0,"_bbp_reply_count":0,"_bbp_total_topic_count":0,"_bbp_total_reply_count":0,"_bbp_voice_count":0,"_bbp_anonymous_reply_count":0,"_bbp_topic_count_hidden":0,"_bbp_reply_count_hidden":0,"_bbp_forum_subforum_count":0,"footnotes":""},"categories":[14,1],"tags":[59,77,82,93,94,140,16,187],"class_list":["post-2786","post","type-post","status-publish","format-standard","hentry","category-5e","category-general","tag-activitats","tag-cicle-superior-2","tag-cinque","tag-convivencia","tag-cooperacio","tag-medi","tag-sortides","tag-valors"],"post_mailing_queue_ids":[],"_links":{"self":[{"href":"https:\/\/agora.xtec.cat\/escjoanardevol\/wp-json\/wp\/v2\/posts\/2786","targetHints":{"allow":["GET"]}}],"collection":[{"href":"https:\/\/agora.xtec.cat\/escjoanardevol\/wp-json\/wp\/v2\/posts"}],"about":[{"href":"https:\/\/agora.xtec.cat\/escjoanardevol\/wp-json\/wp\/v2\/types\/post"}],"author":[{"embeddable":true,"href":"https:\/\/agora.xtec.cat\/escjoanardevol\/wp-json\/wp\/v2\/users\/1"}],"replies":[{"embeddable":true,"href":"https:\/\/agora.xtec.cat\/escjoanardevol\/wp-json\/wp\/v2\/comments?post=2786"}],"version-history":[{"count":0,"href":"https:\/\/agora.xtec.cat\/escjoanardevol\/wp-json\/wp\/v2\/posts\/2786\/revisions"}],"wp:attachment":[{"href":"https:\/\/agora.xtec.cat\/escjoanardevol\/wp-json\/wp\/v2\/media?parent=2786"}],"wp:term":[{"taxonomy":"category","embeddable":true,"href":"https:\/\/agora.xtec.cat\/escjoanardevol\/wp-json\/wp\/v2\/categories?post=2786"},{"taxonomy":"post_tag","embeddable":true,"href":"https:\/\/agora.xtec.cat\/escjoanardevol\/wp-json\/wp\/v2\/tags?post=2786"}],"curies":[{"name":"wp","href":"https:\/\/api.w.org\/{rel}","templated":true}]}}