{"id":2779,"date":"2014-10-22T15:37:25","date_gmt":"2014-10-22T15:37:25","guid":{"rendered":"http:\/\/joanardevol.org\/info\/?p=2779"},"modified":"2014-10-22T15:37:25","modified_gmt":"2014-10-22T15:37:25","slug":"pa-amb-tomaquet","status":"publish","type":"post","link":"https:\/\/agora.xtec.cat\/escjoanardevol\/general\/pa-amb-tomaquet\/","title":{"rendered":"Pa amb tom\u00e0quet"},"content":{"rendered":"<p>Aquest curs, els nenes i nenes de 3r. s\u00f3n els encarregats de tenir cura de l\u2019<strong>hort de l\u2019escola<\/strong>. A l\u2019hort encara hi havia tom\u00e0quets a les tomaqueres que es van plantar el curs passat.<\/p>\n<p>Els hem aprofitat, a l\u2019aula de ci\u00e8ncies, per con\u00e8ixer un dels berenars m\u00e9s saludables de la nostra cultura: el <strong>pa amb tom\u00e0quet<\/strong>.<\/p>\n<p>Hem repassat quins s\u00f3n els ingredients necessaris i ens hem posat a preparar i a tastar un <strong>\u201cbon\u00edssim\u201d<\/strong> pa amb tom\u00e0quet.<\/p>\n<p>&nbsp;<embed type=\"application\/x-shockwave-flash\" src=\"https:\/\/photos.gstatic.com\/media\/slideshow.swf\" width=\"600\" height=\"400\" flashvars=\"host=picasaweb.google.com&#038;hl=es&#038;feat=flashalbum&#038;RGB=0x000000&#038;feed=https%3A%2F%2Fpicasaweb.google.com%2Fdata%2Ffeed%2Fapi%2Fuser%2F112024737052192345713%2Falbumid%2F6073051773683355009%3Falt%3Drss%26kind%3Dphoto%26hl%3Des\" pluginspage=\"http:\/\/www.macromedia.com\/go\/getflashplayer\"><\/embed><\/p>\n","protected":false},"excerpt":{"rendered":"<p>Aquest curs, els nenes i nenes de 3r. s\u00f3n els encarregats de tenir cura de l\u2019hort de l\u2019escola. A l\u2019hort encara hi havia tom\u00e0quets a les tomaqueres que es van plantar el curs passat.<br \/>\nEls hem aprofitat, a l\u2019aula de ci\u00e8ncies, per con\u00e8ixer un dels berenars&hellip;  <a href=\"https:\/\/agora.xtec.cat\/escjoanardevol\/general\/pa-amb-tomaquet\/\" title=\"Read Pa amb tom\u00e0quet\">Llegeix m\u00e9s\u00bb<\/a><\/p>\n","protected":false},"author":1,"featured_media":0,"comment_status":"open","ping_status":"open","sticky":false,"template":"","format":"standard","meta":{"_bbp_topic_count":0,"_bbp_reply_count":0,"_bbp_total_topic_count":0,"_bbp_total_reply_count":0,"_bbp_voice_count":0,"_bbp_anonymous_reply_count":0,"_bbp_topic_count_hidden":0,"_bbp_reply_count_hidden":0,"_bbp_forum_subforum_count":0,"footnotes":""},"categories":[12,1],"tags":[59,76,140,167],"class_list":["post-2779","post","type-post","status-publish","format-standard","hentry","category-3r","category-general","tag-activitats","tag-cicle-mitja","tag-medi","tag-salut"],"post_mailing_queue_ids":[],"_links":{"self":[{"href":"https:\/\/agora.xtec.cat\/escjoanardevol\/wp-json\/wp\/v2\/posts\/2779","targetHints":{"allow":["GET"]}}],"collection":[{"href":"https:\/\/agora.xtec.cat\/escjoanardevol\/wp-json\/wp\/v2\/posts"}],"about":[{"href":"https:\/\/agora.xtec.cat\/escjoanardevol\/wp-json\/wp\/v2\/types\/post"}],"author":[{"embeddable":true,"href":"https:\/\/agora.xtec.cat\/escjoanardevol\/wp-json\/wp\/v2\/users\/1"}],"replies":[{"embeddable":true,"href":"https:\/\/agora.xtec.cat\/escjoanardevol\/wp-json\/wp\/v2\/comments?post=2779"}],"version-history":[{"count":0,"href":"https:\/\/agora.xtec.cat\/escjoanardevol\/wp-json\/wp\/v2\/posts\/2779\/revisions"}],"wp:attachment":[{"href":"https:\/\/agora.xtec.cat\/escjoanardevol\/wp-json\/wp\/v2\/media?parent=2779"}],"wp:term":[{"taxonomy":"category","embeddable":true,"href":"https:\/\/agora.xtec.cat\/escjoanardevol\/wp-json\/wp\/v2\/categories?post=2779"},{"taxonomy":"post_tag","embeddable":true,"href":"https:\/\/agora.xtec.cat\/escjoanardevol\/wp-json\/wp\/v2\/tags?post=2779"}],"curies":[{"name":"wp","href":"https:\/\/api.w.org\/{rel}","templated":true}]}}