{"id":2770,"date":"2014-10-08T15:40:38","date_gmt":"2014-10-08T15:40:38","guid":{"rendered":"http:\/\/joanardevol.org\/info\/?p=2770"},"modified":"2014-10-08T15:40:38","modified_gmt":"2014-10-08T15:40:38","slug":"5e-a-tarraco","status":"publish","type":"post","link":"https:\/\/agora.xtec.cat\/escjoanardevol\/general\/5e-a-tarraco\/","title":{"rendered":"5\u00e8 a Tarraco"},"content":{"rendered":"<p>Els nens i les nenes de 5\u00e8 vam gaudir de l\u2019oportunitat d\u2019explorar les arrels hist\u00f2riques de l\u2019antiga Tarraco. En primer lloc visit\u00e0rem el Pont de les Ferreres, conegut com el <em>Pont del Diable, <\/em>on vam poder investigar de primera m\u00e0 els m\u00e8todes de canalitzaci\u00f3 i distribuci\u00f3 de l\u2019aigua, aix\u00ed com els elements de construcci\u00f3 que van fer servir els antics habitants de Tarragona. Despr\u00e9s, ens vam posar els barrets d\u2019exploradors\/es per investigar la forma de vida dels romans a trav\u00e9s de les restes dipositades i conservades al Museu Arqueol\u00f2gic Nacional de Tarragona.<\/p>\n<p>&nbsp;<embed type=\"application\/x-shockwave-flash\" src=\"https:\/\/photos.gstatic.com\/media\/slideshow.swf\" width=\"600\" height=\"400\" flashvars=\"host=picasaweb.google.com&#038;hl=es&#038;feat=flashalbum&#038;RGB=0x000000&#038;feed=https%3A%2F%2Fpicasaweb.google.com%2Fdata%2Ffeed%2Fapi%2Fuser%2F112024737052192345713%2Falbumid%2F6067835684751260625%3Falt%3Drss%26kind%3Dphoto%26hl%3Des\" pluginspage=\"http:\/\/www.macromedia.com\/go\/getflashplayer\"><\/embed><\/p>\n","protected":false},"excerpt":{"rendered":"<p>Els nens i les nenes de 5\u00e8 vam gaudir de l\u2019oportunitat d\u2019explorar les arrels hist\u00f2riques de l\u2019antiga Tarraco. En primer lloc visit\u00e0rem el Pont de les Ferreres, conegut com el Pont del Diable, on vam poder investigar de primera m\u00e0 els m\u00e8todes de canalitzaci\u00f3 i&hellip;  <a href=\"https:\/\/agora.xtec.cat\/escjoanardevol\/general\/5e-a-tarraco\/\" title=\"Read 5\u00e8 a Tarraco\">Llegeix m\u00e9s\u00bb<\/a><\/p>\n","protected":false},"author":1,"featured_media":0,"comment_status":"open","ping_status":"open","sticky":false,"template":"","format":"standard","meta":{"_bbp_topic_count":0,"_bbp_reply_count":0,"_bbp_total_topic_count":0,"_bbp_total_reply_count":0,"_bbp_voice_count":0,"_bbp_anonymous_reply_count":0,"_bbp_topic_count_hidden":0,"_bbp_reply_count_hidden":0,"_bbp_forum_subforum_count":0,"footnotes":""},"categories":[14,1],"tags":[77,144,16],"class_list":["post-2770","post","type-post","status-publish","format-standard","hentry","category-5e","category-general","tag-cicle-superior-2","tag-museus","tag-sortides"],"post_mailing_queue_ids":[],"_links":{"self":[{"href":"https:\/\/agora.xtec.cat\/escjoanardevol\/wp-json\/wp\/v2\/posts\/2770","targetHints":{"allow":["GET"]}}],"collection":[{"href":"https:\/\/agora.xtec.cat\/escjoanardevol\/wp-json\/wp\/v2\/posts"}],"about":[{"href":"https:\/\/agora.xtec.cat\/escjoanardevol\/wp-json\/wp\/v2\/types\/post"}],"author":[{"embeddable":true,"href":"https:\/\/agora.xtec.cat\/escjoanardevol\/wp-json\/wp\/v2\/users\/1"}],"replies":[{"embeddable":true,"href":"https:\/\/agora.xtec.cat\/escjoanardevol\/wp-json\/wp\/v2\/comments?post=2770"}],"version-history":[{"count":0,"href":"https:\/\/agora.xtec.cat\/escjoanardevol\/wp-json\/wp\/v2\/posts\/2770\/revisions"}],"wp:attachment":[{"href":"https:\/\/agora.xtec.cat\/escjoanardevol\/wp-json\/wp\/v2\/media?parent=2770"}],"wp:term":[{"taxonomy":"category","embeddable":true,"href":"https:\/\/agora.xtec.cat\/escjoanardevol\/wp-json\/wp\/v2\/categories?post=2770"},{"taxonomy":"post_tag","embeddable":true,"href":"https:\/\/agora.xtec.cat\/escjoanardevol\/wp-json\/wp\/v2\/tags?post=2770"}],"curies":[{"name":"wp","href":"https:\/\/api.w.org\/{rel}","templated":true}]}}