{"id":2711,"date":"2014-06-17T20:44:22","date_gmt":"2014-06-17T20:44:22","guid":{"rendered":"http:\/\/joanardevol.org\/info\/?p=2711"},"modified":"2014-06-17T20:44:22","modified_gmt":"2014-06-17T20:44:22","slug":"el-zoo-de-lardevol","status":"publish","type":"post","link":"https:\/\/agora.xtec.cat\/escjoanardevol\/general\/el-zoo-de-lardevol\/","title":{"rendered":"El Zoo de l&#8217;Ard\u00e8vol"},"content":{"rendered":"<p>El divendres, dia 13 de juny, vam organitzar un zoo a l&#8217;escola. Aquesta activitat l&#8217;emmarquem dins el nostre projecte de conviv\u00e8ncia i tenia per objectiu treballar entre els nostres alumnes valors com l&#8217;ajuda a l&#8217;altre, la solidaritat, el companyerisme, la tinen\u00e7a responsable d&#8217;animals, etc. Ens va servir per recaptar taps i ajudar l&#8217;Ana Navarro en la seva lluita contra la malaltia que pateix de fa uns anys.<\/p>\n<p>Estem molt contents perqu\u00e8 la comunitat educativa de l&#8217;escola s&#8217;hi va abocar. Tamb\u00e9 vam rebre el suport presencial de personalitats de Cambrils i del m\u00f3n educatiu i social. A m\u00e9s, la premsa local se&#8217;n va fer ress\u00f2:<\/p>\n<p><a href=\"http:\/\/www.revistacambrils.com\/index.php?c_noticia=16984\" target=\"_blank\"><img loading=\"lazy\" decoding=\"async\" class=\"alignnone\" src=\"http:\/\/www.revistacambrils.com\/imatges\/comuns2\/cap.gif\" alt=\"\" width=\"486\" height=\"75\" \/><\/a><\/p>\n<p><a href=\"http:\/\/www.naciodigital.cat\/delcamp\/cambrilsdiari\/noticia\/1526\/escola\/joan\/ardevol\/es\/converteix\/zoo\/ajudar\/ana\/navarro\" target=\"_blank\"><img loading=\"lazy\" decoding=\"async\" class=\"alignnone\" src=\"http:\/\/dades.grupnaciodigital.com\/logos\/cambrilsdiari.gif\" alt=\"\" width=\"570\" height=\"94\" \/><\/a><\/p>\n<p><a href=\"http:\/\/www.diaridetarragona.com\/costa\/25058\/zoo-solidario--en-el-colegio\" target=\"_blank\"><img loading=\"lazy\" decoding=\"async\" class=\"alignnone size-full wp-image-2712\" src=\"http:\/\/joanardevol.org\/info\/wp-content\/uploads\/2014\/06\/diaritarragona.jpg\" alt=\"diaritarragona\" width=\"464\" height=\"67\" \/><\/a><\/p>\n<p>&nbsp;<\/p>\n<p>&nbsp;<\/p>\n","protected":false},"excerpt":{"rendered":"<p>El divendres, dia 13 de juny, vam organitzar un zoo a l&#8217;escola. Aquesta activitat l&#8217;emmarquem dins el nostre projecte de conviv\u00e8ncia i tenia per objectiu treballar entre els nostres alumnes valors com l&#8217;ajuda a l&#8217;altre, la solidaritat, el companyerisme, la tinen\u00e7a responsable d&#8217;animals, etc. Ens&hellip;  <a href=\"https:\/\/agora.xtec.cat\/escjoanardevol\/general\/el-zoo-de-lardevol\/\" title=\"Read El Zoo de l&#8217;Ard\u00e8vol\">Llegeix m\u00e9s\u00bb<\/a><\/p>\n","protected":false},"author":1,"featured_media":0,"comment_status":"open","ping_status":"open","sticky":false,"template":"","format":"standard","meta":{"_bbp_topic_count":0,"_bbp_reply_count":0,"_bbp_total_topic_count":0,"_bbp_total_reply_count":0,"_bbp_voice_count":0,"_bbp_anonymous_reply_count":0,"_bbp_topic_count_hidden":0,"_bbp_reply_count_hidden":0,"_bbp_forum_subforum_count":0,"footnotes":""},"categories":[10,12,14,1,2],"tags":[59,93,94,128,148,187],"class_list":["post-2711","post","type-post","status-publish","format-standard","hentry","category-1r","category-3r","category-5e","category-general","category-infantil","tag-activitats","tag-convivencia","tag-cooperacio","tag-jornades","tag-noticies","tag-valors"],"post_mailing_queue_ids":[],"_links":{"self":[{"href":"https:\/\/agora.xtec.cat\/escjoanardevol\/wp-json\/wp\/v2\/posts\/2711","targetHints":{"allow":["GET"]}}],"collection":[{"href":"https:\/\/agora.xtec.cat\/escjoanardevol\/wp-json\/wp\/v2\/posts"}],"about":[{"href":"https:\/\/agora.xtec.cat\/escjoanardevol\/wp-json\/wp\/v2\/types\/post"}],"author":[{"embeddable":true,"href":"https:\/\/agora.xtec.cat\/escjoanardevol\/wp-json\/wp\/v2\/users\/1"}],"replies":[{"embeddable":true,"href":"https:\/\/agora.xtec.cat\/escjoanardevol\/wp-json\/wp\/v2\/comments?post=2711"}],"version-history":[{"count":0,"href":"https:\/\/agora.xtec.cat\/escjoanardevol\/wp-json\/wp\/v2\/posts\/2711\/revisions"}],"wp:attachment":[{"href":"https:\/\/agora.xtec.cat\/escjoanardevol\/wp-json\/wp\/v2\/media?parent=2711"}],"wp:term":[{"taxonomy":"category","embeddable":true,"href":"https:\/\/agora.xtec.cat\/escjoanardevol\/wp-json\/wp\/v2\/categories?post=2711"},{"taxonomy":"post_tag","embeddable":true,"href":"https:\/\/agora.xtec.cat\/escjoanardevol\/wp-json\/wp\/v2\/tags?post=2711"}],"curies":[{"name":"wp","href":"https:\/\/api.w.org\/{rel}","templated":true}]}}