{"id":2705,"date":"2014-06-11T07:55:40","date_gmt":"2014-06-11T07:55:40","guid":{"rendered":"http:\/\/joanardevol.org\/info\/?p=2705"},"modified":"2014-06-11T07:55:40","modified_gmt":"2014-06-11T07:55:40","slug":"colonies-de-6e-2","status":"publish","type":"post","link":"https:\/\/agora.xtec.cat\/escjoanardevol\/general\/colonies-de-6e-2\/","title":{"rendered":"Col\u00f2nies de 6\u00e8"},"content":{"rendered":"<p>El alumnes de 6\u00e8 vam anar el 4, 5 i 6 de juny de col\u00f2nies al Collell, una casa situada a Sant Miquel de Campmajor, a la comarca del Pla de l&#8217;Estany. Durant tres dies vam realitzar activitats esportives i d&#8217;aventura; h\u00edpica, bicicleta, camp d&#8217;aventura, tir a l&#8217;arc, piscina&#8230;<br \/>\nTamb\u00e9 vam compartir moments inoblidables i vam posar en pr\u00e0ctica valors com la conviv\u00e8ncia, la toler\u00e0ncia, el respecte pels altres, el treball en equip&#8230;<br \/>\nAquests dies plegats no els oblidarem mai, no nom\u00e9s perqu\u00e8 ens ho hem passat molt b\u00e9, sin\u00f3 tamb\u00e9 perqu\u00e8 han estat una de les darreres activitats que compartirem com a\u00a0 alumnes de l&#8217;escola.<\/p>\n<p>&nbsp;<embed type=\"application\/x-shockwave-flash\" src=\"https:\/\/photos.gstatic.com\/media\/slideshow.swf\" width=\"600\" height=\"400\" flashvars=\"host=picasaweb.google.com&#038;hl=ca&#038;feat=flashalbum&#038;RGB=0x000000&#038;feed=https%3A%2F%2Fpicasaweb.google.com%2Fdata%2Ffeed%2Fapi%2Fuser%2F104441221767343032393%2Falbumid%2F6023573892557365393%3Falt%3Drss%26kind%3Dphoto%26hl%3Dca\" pluginspage=\"http:\/\/www.macromedia.com\/go\/getflashplayer\"><\/embed><\/p>\n","protected":false},"excerpt":{"rendered":"<p>El alumnes de 6\u00e8 vam anar el 4, 5 i 6 de juny de col\u00f2nies al Collell, una casa situada a Sant Miquel de Campmajor, a la comarca del Pla de l&#8217;Estany. Durant tres dies vam realitzar activitats esportives i d&#8217;aventura; h\u00edpica, bicicleta, camp d&#8217;aventura,&hellip;  <a href=\"https:\/\/agora.xtec.cat\/escjoanardevol\/general\/colonies-de-6e-2\/\" title=\"Read Col\u00f2nies de 6\u00e8\">Llegeix m\u00e9s\u00bb<\/a><\/p>\n","protected":false},"author":1,"featured_media":0,"comment_status":"open","ping_status":"open","sticky":false,"template":"","format":"standard","meta":{"_bbp_topic_count":0,"_bbp_reply_count":0,"_bbp_total_topic_count":0,"_bbp_total_reply_count":0,"_bbp_voice_count":0,"_bbp_anonymous_reply_count":0,"_bbp_topic_count_hidden":0,"_bbp_reply_count_hidden":0,"_bbp_forum_subforum_count":0,"footnotes":""},"categories":[14,1],"tags":[59,77,86,93,94,170,16],"class_list":["post-2705","post","type-post","status-publish","format-standard","hentry","category-5e","category-general","tag-activitats","tag-cicle-superior-2","tag-colonies","tag-convivencia","tag-cooperacio","tag-sise","tag-sortides"],"post_mailing_queue_ids":[],"_links":{"self":[{"href":"https:\/\/agora.xtec.cat\/escjoanardevol\/wp-json\/wp\/v2\/posts\/2705","targetHints":{"allow":["GET"]}}],"collection":[{"href":"https:\/\/agora.xtec.cat\/escjoanardevol\/wp-json\/wp\/v2\/posts"}],"about":[{"href":"https:\/\/agora.xtec.cat\/escjoanardevol\/wp-json\/wp\/v2\/types\/post"}],"author":[{"embeddable":true,"href":"https:\/\/agora.xtec.cat\/escjoanardevol\/wp-json\/wp\/v2\/users\/1"}],"replies":[{"embeddable":true,"href":"https:\/\/agora.xtec.cat\/escjoanardevol\/wp-json\/wp\/v2\/comments?post=2705"}],"version-history":[{"count":0,"href":"https:\/\/agora.xtec.cat\/escjoanardevol\/wp-json\/wp\/v2\/posts\/2705\/revisions"}],"wp:attachment":[{"href":"https:\/\/agora.xtec.cat\/escjoanardevol\/wp-json\/wp\/v2\/media?parent=2705"}],"wp:term":[{"taxonomy":"category","embeddable":true,"href":"https:\/\/agora.xtec.cat\/escjoanardevol\/wp-json\/wp\/v2\/categories?post=2705"},{"taxonomy":"post_tag","embeddable":true,"href":"https:\/\/agora.xtec.cat\/escjoanardevol\/wp-json\/wp\/v2\/tags?post=2705"}],"curies":[{"name":"wp","href":"https:\/\/api.w.org\/{rel}","templated":true}]}}