{"id":262,"date":"2010-11-25T08:42:16","date_gmt":"2010-11-25T08:42:16","guid":{"rendered":"http:\/\/joanardevol.org\/primaria\/?p=37"},"modified":"2010-11-25T08:42:16","modified_gmt":"2010-11-25T08:42:16","slug":"alumnes-de-5e-visiten-a-la-facultat-de-quimiques-de-la-urv","status":"publish","type":"post","link":"https:\/\/agora.xtec.cat\/escjoanardevol\/general\/alumnes-de-5e-visiten-a-la-facultat-de-quimiques-de-la-urv\/","title":{"rendered":"Alumnes de 5\u00e8 visiten a la Facultat de Qu\u00edmiques de la URV."},"content":{"rendered":"<p><strong> <\/strong><\/p>\n<p style=\"text-align: justify;\"><a href=\"http:\/\/joanardevol.org\/primaria\/wp-content\/uploads\/2010\/11\/clip_image0021.jpg\"><img loading=\"lazy\" decoding=\"async\" class=\"size-thumbnail wp-image-39    alignleft\" title=\"clip_image002\" src=\"http:\/\/joanardevol.org\/primaria\/wp-content\/uploads\/2010\/11\/clip_image0021-150x150.jpg\" alt=\"\" width=\"150\" height=\"150\" \/><\/a>Dimarts 19 d\u2019octubre els alumnes de 5\u00e8 van anar a Tarragona, per visitar\u00a0 la Facultat de Qu\u00edmiques. Primer ens van reunir a les diferents escoles que particip\u00e0vem a la sala d\u2019actes de la Facultat de Ci\u00e8ncies de l\u2019Educaci\u00f3 i Psicologia, on ens van explicar qu\u00e8 far\u00edem durant el recorregut pels diferents laboratoris i quins serien els nostres guies.<\/p>\n<p style=\"text-align: justify;\">Un cop fet el recorregut i despr\u00e9s de veure algunes de les investigacions que estan duent\u00a0 a terme els cient\u00edfics, vam tornar a la Facultat de Ci\u00e8ncies de l\u2019Educaci\u00f3, on els nostres alumnes van poder col\u00b7laborar en un experiment sobre els medicaments.<\/p>\n<p>Els alumnes s\u2019ho van passar molt b\u00e9 durant la visita i van marxar molt contents amb els regalets que els hi van donar al finalitzar l\u2019activitat.<\/p>\n<p><a href=\"http:\/\/joanardevol.org\/primaria\/wp-content\/uploads\/2010\/11\/CIMG0625.jpg\"><img loading=\"lazy\" decoding=\"async\" class=\"size-full wp-image-46  alignnone\" title=\"CIMG0625\" src=\"http:\/\/joanardevol.org\/primaria\/wp-content\/uploads\/2010\/11\/CIMG0625.jpg\" alt=\"\" width=\"500\" height=\"375\" \/><\/a><\/p>\n<ul>\n<p style=\"text-align: center;\">\n<\/ul>\n","protected":false},"excerpt":{"rendered":"<p>Dimarts 19 d\u2019octubre els alumnes de 5\u00e8 van anar a Tarragona, per visitar\u00a0 la Facultat de Qu\u00edmiques. Primer ens van reunir a les diferents escoles que particip\u00e0vem a la sala d\u2019actes de la Facultat de Ci\u00e8ncies de l\u2019Educaci\u00f3 i Psicologia, &#8230; <a href=\"http:\/\/joanardevol.org\/primaria\/?p=37\">Continua llegint <span>&#8594;<\/span><\/a>&hellip;  <a href=\"https:\/\/agora.xtec.cat\/escjoanardevol\/general\/alumnes-de-5e-visiten-a-la-facultat-de-quimiques-de-la-urv\/\" title=\"Read Alumnes de 5\u00e8 visiten a la Facultat de Qu\u00edmiques de la URV.\">Llegeix m\u00e9s\u00bb<\/a><\/p>\n","protected":false},"author":1,"featured_media":0,"comment_status":"open","ping_status":"closed","sticky":false,"template":"","format":"standard","meta":{"_bbp_topic_count":0,"_bbp_reply_count":0,"_bbp_total_topic_count":0,"_bbp_total_reply_count":0,"_bbp_voice_count":0,"_bbp_anonymous_reply_count":0,"_bbp_topic_count_hidden":0,"_bbp_reply_count_hidden":0,"_bbp_forum_subforum_count":0,"footnotes":""},"categories":[14,1],"tags":[],"class_list":["post-262","post","type-post","status-publish","format-standard","hentry","category-5e","category-general"],"post_mailing_queue_ids":[],"_links":{"self":[{"href":"https:\/\/agora.xtec.cat\/escjoanardevol\/wp-json\/wp\/v2\/posts\/262","targetHints":{"allow":["GET"]}}],"collection":[{"href":"https:\/\/agora.xtec.cat\/escjoanardevol\/wp-json\/wp\/v2\/posts"}],"about":[{"href":"https:\/\/agora.xtec.cat\/escjoanardevol\/wp-json\/wp\/v2\/types\/post"}],"author":[{"embeddable":true,"href":"https:\/\/agora.xtec.cat\/escjoanardevol\/wp-json\/wp\/v2\/users\/1"}],"replies":[{"embeddable":true,"href":"https:\/\/agora.xtec.cat\/escjoanardevol\/wp-json\/wp\/v2\/comments?post=262"}],"version-history":[{"count":0,"href":"https:\/\/agora.xtec.cat\/escjoanardevol\/wp-json\/wp\/v2\/posts\/262\/revisions"}],"wp:attachment":[{"href":"https:\/\/agora.xtec.cat\/escjoanardevol\/wp-json\/wp\/v2\/media?parent=262"}],"wp:term":[{"taxonomy":"category","embeddable":true,"href":"https:\/\/agora.xtec.cat\/escjoanardevol\/wp-json\/wp\/v2\/categories?post=262"},{"taxonomy":"post_tag","embeddable":true,"href":"https:\/\/agora.xtec.cat\/escjoanardevol\/wp-json\/wp\/v2\/tags?post=262"}],"curies":[{"name":"wp","href":"https:\/\/api.w.org\/{rel}","templated":true}]}}