{"id":2613,"date":"2014-06-02T16:12:56","date_gmt":"2014-06-02T16:12:56","guid":{"rendered":"http:\/\/joanardevol.org\/info\/?p=2613"},"modified":"2014-06-02T16:12:56","modified_gmt":"2014-06-02T16:12:56","slug":"el-zoo-den-pitus-exposicio","status":"publish","type":"post","link":"https:\/\/agora.xtec.cat\/escjoanardevol\/general\/el-zoo-den-pitus-exposicio\/","title":{"rendered":"EL ZOO D&#8217;EN PITUS: EXPOSICI\u00d3."},"content":{"rendered":"<p>Con\u00e8ixer la novel\u00b7la \u201cEl zoo d&#8217;en Pitus\u201d \u00e9s el motiu de l&#8217;exposici\u00f3 que la Comissi\u00f3 de la Biblioteca ha preparat\u00a0 per aquest curs 2013-2014.<\/p>\n<p>El Zoo d&#8217;en Pitus \u00e9s una novel\u00b7la juvenil escrita per Sebasti\u00e0 Sorribas, publicada l&#8217;any 1966. Amb aquest llibre , l\u2019autor va guanyar el premi Josep M\u00aa Folch i Torres l\u2019any 1965 .<\/p>\n<p>La novel\u00b7la ens presenta la hist\u00f2ria d&#8217;en Pitus , un nen que t\u00e9 una malaltia que nom\u00e9s pot curar-li\u00a0 un especialista que viu a Su\u00e8cia. Els seus amics muntaran un zoo per recollir diners i poder pagar-li el viatge.<\/p>\n<p>\u00c9s un llibre de refer\u00e8ncia de la literatura catalana, f\u00e0cil de llegir i d&#8217;entendre pels profunds valors que transmet. Treball, dedicaci\u00f3, valentia, companyonia i sobretot amistat.<\/p>\n<p>Tot l&#8217;alumnat de l&#8217;escola ha participat en l&#8217;exposici\u00f3 amb els seus treballs , segons el nivell han treballat \u00a0diferents aspectes de l&#8217;obra.<\/p>\n<p>Els m\u00e9s petits parlant i dibuixant els animals que surten en els contes m\u00e9s coneguts, els del Cicle Inicial fent la cartellera, els del Cicle Mitj\u00e0 fent cerques d&#8217;animals i els m\u00e9s grans treballant els personatges de la colla d&#8217;en Pitus, veritables protagonistes de la novel\u00b7la.<\/p>\n<p>[ngg_images gallery_ids=&#8221;23&#8243; display_type=&#8221;photocrati-nextgen_basic_slideshow&#8221;]<\/p>\n","protected":false},"excerpt":{"rendered":"<p>Con\u00e8ixer la novel\u00b7la \u201cEl zoo d&#8217;en Pitus\u201d \u00e9s el motiu de l&#8217;exposici\u00f3 que la Comissi\u00f3 de la Biblioteca ha preparat\u00a0 per aquest curs 2013-2014.<br \/>\nEl Zoo d&#8217;en Pitus \u00e9s una novel\u00b7la juvenil escrita per Sebasti\u00e0 Sorribas, publicada l&#8217;any 1966. Amb aquest llibre , l\u2019autor va guanyar&hellip;  <a href=\"https:\/\/agora.xtec.cat\/escjoanardevol\/general\/el-zoo-den-pitus-exposicio\/\" title=\"Read EL ZOO D&#8217;EN PITUS: EXPOSICI\u00d3.\">Llegeix m\u00e9s\u00bb<\/a><\/p>\n","protected":false},"author":1,"featured_media":0,"comment_status":"open","ping_status":"open","sticky":false,"template":"","format":"standard","meta":{"_bbp_topic_count":0,"_bbp_reply_count":0,"_bbp_total_topic_count":0,"_bbp_total_reply_count":0,"_bbp_voice_count":0,"_bbp_anonymous_reply_count":0,"_bbp_topic_count_hidden":0,"_bbp_reply_count_hidden":0,"_bbp_forum_subforum_count":0,"footnotes":""},"categories":[10,12,14,1,2],"tags":[59,67,72,93,94,133,187],"class_list":["post-2613","post","type-post","status-publish","format-standard","hentry","category-1r","category-3r","category-5e","category-general","category-infantil","tag-activitats","tag-biblioteca","tag-cartellera","tag-convivencia","tag-cooperacio","tag-llibres","tag-valors"],"post_mailing_queue_ids":[],"_links":{"self":[{"href":"https:\/\/agora.xtec.cat\/escjoanardevol\/wp-json\/wp\/v2\/posts\/2613","targetHints":{"allow":["GET"]}}],"collection":[{"href":"https:\/\/agora.xtec.cat\/escjoanardevol\/wp-json\/wp\/v2\/posts"}],"about":[{"href":"https:\/\/agora.xtec.cat\/escjoanardevol\/wp-json\/wp\/v2\/types\/post"}],"author":[{"embeddable":true,"href":"https:\/\/agora.xtec.cat\/escjoanardevol\/wp-json\/wp\/v2\/users\/1"}],"replies":[{"embeddable":true,"href":"https:\/\/agora.xtec.cat\/escjoanardevol\/wp-json\/wp\/v2\/comments?post=2613"}],"version-history":[{"count":0,"href":"https:\/\/agora.xtec.cat\/escjoanardevol\/wp-json\/wp\/v2\/posts\/2613\/revisions"}],"wp:attachment":[{"href":"https:\/\/agora.xtec.cat\/escjoanardevol\/wp-json\/wp\/v2\/media?parent=2613"}],"wp:term":[{"taxonomy":"category","embeddable":true,"href":"https:\/\/agora.xtec.cat\/escjoanardevol\/wp-json\/wp\/v2\/categories?post=2613"},{"taxonomy":"post_tag","embeddable":true,"href":"https:\/\/agora.xtec.cat\/escjoanardevol\/wp-json\/wp\/v2\/tags?post=2613"}],"curies":[{"name":"wp","href":"https:\/\/api.w.org\/{rel}","templated":true}]}}