{"id":2606,"date":"2014-05-27T08:41:36","date_gmt":"2014-05-27T08:41:36","guid":{"rendered":"http:\/\/joanardevol.org\/info\/?p=2606"},"modified":"2014-05-27T08:41:36","modified_gmt":"2014-05-27T08:41:36","slug":"cm-a-lespluga-de-francoli","status":"publish","type":"post","link":"https:\/\/agora.xtec.cat\/escjoanardevol\/general\/cm-a-lespluga-de-francoli\/","title":{"rendered":"CM a l&#8217;Espluga de Francol\u00ed"},"content":{"rendered":"<p>Els nens i nenes de cicle mitj\u00e0 hem anat a visitar les coves de l&#8217;Espluga de Francol\u00ed, a la nostra comarca ve\u00efna de la <strong style=\"color: #222222;\">Conca de Barber\u00e0<\/strong>.<br \/>\nEns van dir que s\u00f3n <span style=\"color: #222222; text-decoration: underline;\">les coves m\u00e9s llargues d&#8217;Europa<\/span><span style=\"color: #222222;\"> i una de les del m\u00f3n formades en conglomerat, perqu\u00e8 abans hi passava un riu.<\/span><span style=\"color: #222222;\"><br \/>\nPrimer hi vivia l&#8217;home de\u00a0Neandertal\u00a0que va despar\u00e8ixer quan va arribar l&#8217;Homo-sapiens que venia d&#8217;\u00c0frica.<br \/>\nSi hagu\u00e9ssim viscut en aquella \u00e8poca ara sabr\u00edem ca\u00e7ar molt b\u00e9 i no anir\u00edem a l&#8217;escola.<br \/>\nVam fer un taller de pintura rupestre i vam fer una cabana amb bastons i una pell de cavall. Si algun dia volem marxar de casa i no pagar hipoteca ja sabem fer una casa.<\/span><\/p>\n<p><embed width=\"600\" height=\"400\" type=\"application\/x-shockwave-flash\" src=\"https:\/\/photos.gstatic.com\/media\/slideshow.swf\" flashvars=\"host=picasaweb.google.com&amp;hl=ca&amp;feat=flashalbum&amp;RGB=0x000000&amp;feed=https%3A%2F%2Fpicasaweb.google.com%2Fdata%2Ffeed%2Fapi%2Fuser%2F104441221767343032393%2Falbumid%2F6017765196021991617%3Falt%3Drss%26kind%3Dphoto%26hl%3Dca\" pluginspage=\"http:\/\/www.macromedia.com\/go\/getflashplayer\"><\/embed><\/p>\n","protected":false},"excerpt":{"rendered":"<p>Els nens i nenes de cicle mitj\u00e0 hem anat a visitar les coves de l&#8217;Espluga de Francol\u00ed, a la nostra comarca ve\u00efna de la Conca de Barber\u00e0.<br \/>\nEns van dir que s\u00f3n les coves m\u00e9s llargues d&#8217;Europa i una de les del m\u00f3n formades en conglomerat,&hellip;  <a href=\"https:\/\/agora.xtec.cat\/escjoanardevol\/general\/cm-a-lespluga-de-francoli\/\" title=\"Read CM a l&#8217;Espluga de Francol\u00ed\">Llegeix m\u00e9s\u00bb<\/a><\/p>\n","protected":false},"author":1,"featured_media":0,"comment_status":"open","ping_status":"open","sticky":false,"template":"","format":"standard","meta":{"_bbp_topic_count":0,"_bbp_reply_count":0,"_bbp_total_topic_count":0,"_bbp_total_reply_count":0,"_bbp_voice_count":0,"_bbp_anonymous_reply_count":0,"_bbp_topic_count_hidden":0,"_bbp_reply_count_hidden":0,"_bbp_forum_subforum_count":0,"footnotes":""},"categories":[12,1],"tags":[76,140,172,16,182],"class_list":["post-2606","post","type-post","status-publish","format-standard","hentry","category-3r","category-general","tag-cicle-mitja","tag-medi","tag-sortida","tag-sortides","tag-treball"],"post_mailing_queue_ids":[],"_links":{"self":[{"href":"https:\/\/agora.xtec.cat\/escjoanardevol\/wp-json\/wp\/v2\/posts\/2606","targetHints":{"allow":["GET"]}}],"collection":[{"href":"https:\/\/agora.xtec.cat\/escjoanardevol\/wp-json\/wp\/v2\/posts"}],"about":[{"href":"https:\/\/agora.xtec.cat\/escjoanardevol\/wp-json\/wp\/v2\/types\/post"}],"author":[{"embeddable":true,"href":"https:\/\/agora.xtec.cat\/escjoanardevol\/wp-json\/wp\/v2\/users\/1"}],"replies":[{"embeddable":true,"href":"https:\/\/agora.xtec.cat\/escjoanardevol\/wp-json\/wp\/v2\/comments?post=2606"}],"version-history":[{"count":0,"href":"https:\/\/agora.xtec.cat\/escjoanardevol\/wp-json\/wp\/v2\/posts\/2606\/revisions"}],"wp:attachment":[{"href":"https:\/\/agora.xtec.cat\/escjoanardevol\/wp-json\/wp\/v2\/media?parent=2606"}],"wp:term":[{"taxonomy":"category","embeddable":true,"href":"https:\/\/agora.xtec.cat\/escjoanardevol\/wp-json\/wp\/v2\/categories?post=2606"},{"taxonomy":"post_tag","embeddable":true,"href":"https:\/\/agora.xtec.cat\/escjoanardevol\/wp-json\/wp\/v2\/tags?post=2606"}],"curies":[{"name":"wp","href":"https:\/\/api.w.org\/{rel}","templated":true}]}}