{"id":260,"date":"2010-11-19T21:11:17","date_gmt":"2010-11-19T21:11:17","guid":{"rendered":"http:\/\/joanardevol.org\/infantil\/?p=7"},"modified":"2010-11-19T21:11:17","modified_gmt":"2010-11-19T21:11:17","slug":"comenca-el-curs","status":"publish","type":"post","link":"https:\/\/agora.xtec.cat\/escjoanardevol\/general\/comenca-el-curs\/","title":{"rendered":"COMEN\u00c7A EL CURS!"},"content":{"rendered":"<p style=\"text-align: left;\">Benvinguts i benvingudes al nou curs escolar 2010 -2011!<\/p>\n<h3><strong>Hem comen\u00e7at un nou curs i ens tornem a trobar els uns amb els altres. Estrenem p\u00e0gina web aprofitant la gran celebraci\u00f3 del 50\u00e8 aniversari que aquest any fa la nostra escola.<\/strong><\/h3>\n<p>Durant el curs, anirem actualitzant el lloc web i hi trobareu informacions i not\u00edcies diverses sobre les activitats que faran els nens i nenes de l\u2019escola.<\/p>\n<p>Us animem a participar din\u00e0micament en aquest nou projecte, aportant comentaris i participant als f\u00f2rums.<\/p>\n<p><a rel=\"attachment wp-att-33\" href=\"http:\/\/joanardevol.org\/info\/?attachment_id=33\"><\/a><a rel=\"attachment wp-att-33\" href=\"http:\/\/joanardevol.org\/info\/?attachment_id=33\"><img loading=\"lazy\" decoding=\"async\" class=\"size-full wp-image-33 alignleft\" title=\"capturada\" src=\"http:\/\/joanardevol.org\/infantil\/wp-content\/uploads\/2010\/11\/capturada.jpg\" alt=\"\" width=\"500\" height=\"402\" \/><\/a><\/p>\n<p><img decoding=\"async\" src=\"file:\/C%3A\/DOCUME~1\/anna\/CONFIG~1\/Temp\/moz-screenshot-2.png\" alt=\"\" \/><\/p>\n","protected":false},"excerpt":{"rendered":"<p>Benvinguts i benvingudes al nou curs escolar 2010 -2011! Hem comen\u00e7at un nou curs i ens tornem a trobar els uns amb els altres. Estrenem p\u00e0gina web aprofitant la gran celebraci\u00f3 del 50\u00e8 aniversari que aquest any fa la nostra &#8230; <a href=\"http:\/\/joanardevol.org\/infantil\/?p=7\">Continua llegint <span>&#8594;<\/span><\/a>&hellip;  <a href=\"https:\/\/agora.xtec.cat\/escjoanardevol\/general\/comenca-el-curs\/\" title=\"Read COMEN\u00c7A EL CURS!\">Llegeix m\u00e9s\u00bb<\/a><\/p>\n","protected":false},"author":1,"featured_media":0,"comment_status":"open","ping_status":"closed","sticky":false,"template":"","format":"standard","meta":{"_bbp_topic_count":0,"_bbp_reply_count":0,"_bbp_total_topic_count":0,"_bbp_total_reply_count":0,"_bbp_voice_count":0,"_bbp_anonymous_reply_count":0,"_bbp_topic_count_hidden":0,"_bbp_reply_count_hidden":0,"_bbp_forum_subforum_count":0,"footnotes":""},"categories":[1],"tags":[56,103],"class_list":["post-260","post","type-post","status-publish","format-standard","hentry","category-general","tag-50-aniversari","tag-educacio-infantil"],"post_mailing_queue_ids":[],"_links":{"self":[{"href":"https:\/\/agora.xtec.cat\/escjoanardevol\/wp-json\/wp\/v2\/posts\/260","targetHints":{"allow":["GET"]}}],"collection":[{"href":"https:\/\/agora.xtec.cat\/escjoanardevol\/wp-json\/wp\/v2\/posts"}],"about":[{"href":"https:\/\/agora.xtec.cat\/escjoanardevol\/wp-json\/wp\/v2\/types\/post"}],"author":[{"embeddable":true,"href":"https:\/\/agora.xtec.cat\/escjoanardevol\/wp-json\/wp\/v2\/users\/1"}],"replies":[{"embeddable":true,"href":"https:\/\/agora.xtec.cat\/escjoanardevol\/wp-json\/wp\/v2\/comments?post=260"}],"version-history":[{"count":0,"href":"https:\/\/agora.xtec.cat\/escjoanardevol\/wp-json\/wp\/v2\/posts\/260\/revisions"}],"wp:attachment":[{"href":"https:\/\/agora.xtec.cat\/escjoanardevol\/wp-json\/wp\/v2\/media?parent=260"}],"wp:term":[{"taxonomy":"category","embeddable":true,"href":"https:\/\/agora.xtec.cat\/escjoanardevol\/wp-json\/wp\/v2\/categories?post=260"},{"taxonomy":"post_tag","embeddable":true,"href":"https:\/\/agora.xtec.cat\/escjoanardevol\/wp-json\/wp\/v2\/tags?post=260"}],"curies":[{"name":"wp","href":"https:\/\/api.w.org\/{rel}","templated":true}]}}