{"id":2389,"date":"2014-05-15T18:05:01","date_gmt":"2014-05-15T18:05:01","guid":{"rendered":"http:\/\/joanardevol.org\/info\/?p=2389"},"modified":"2014-05-15T18:05:01","modified_gmt":"2014-05-15T18:05:01","slug":"educacio-infantil-a-lhort-de-la-sinia","status":"publish","type":"post","link":"https:\/\/agora.xtec.cat\/escjoanardevol\/general\/educacio-infantil-a-lhort-de-la-sinia\/","title":{"rendered":"Educaci\u00f3 infantil a l&#8217;hort de la s\u00ednia"},"content":{"rendered":"<p>Mireu que b\u00e9 que ens ho vam passar a l&#8217;excursi\u00f3 a l&#8217;Hort de la S\u00ednia. A m\u00e9s a m\u00e9s vam aprendre un munt fent activitats amb les abelles, els animals i l&#8217;hort. Va ser un dia molt ric i molt divertit.<\/p>\n<p>&nbsp;<\/p>\n<table width=\"100%\" border=\"0\" cellpadding=\"0\">\n<tbody>\n<tr>\n<td>\n<p style=\"text-align: center;\">\u00a0<embed type=\"application\/x-shockwave-flash\" src=\"https:\/\/photos.gstatic.com\/media\/slideshow.swf\" width=\"288\" height=\"192\" flashvars=\"host=picasaweb.google.com&#038;hl=ca&#038;feat=flashalbum&#038;RGB=0x000000&#038;feed=https%3A%2F%2Fpicasaweb.google.com%2Fdata%2Ffeed%2Fapi%2Fuser%2F104441221767343032393%2Falbumid%2F6013688618214712913%3Falt%3Drss%26kind%3Dphoto%26hl%3Dca\" pluginspage=\"http:\/\/www.macromedia.com\/go\/getflashplayer\"><\/embed><\/p>\n<p style=\"text-align: center;\"><a href=\"https:\/\/picasaweb.google.com\/104441221767343032393\/P3HortDeLaSinia#slideshow\/6013688769436829298\" target=\"_blank\">P3 Hort de la s\u00ednia<\/a><\/p>\n<\/td>\n<td>\n<p style=\"text-align: center;\">\u00a0<embed type=\"application\/x-shockwave-flash\" src=\"https:\/\/photos.gstatic.com\/media\/slideshow.swf\" width=\"288\" height=\"192\" flashvars=\"host=picasaweb.google.com&#038;hl=ca&#038;feat=flashalbum&#038;RGB=0x000000&#038;feed=https%3A%2F%2Fpicasaweb.google.com%2Fdata%2Ffeed%2Fapi%2Fuser%2F104441221767343032393%2Falbumid%2F6013711805907997953%3Falt%3Drss%26kind%3Dphoto%26hl%3Dca\" pluginspage=\"http:\/\/www.macromedia.com\/go\/getflashplayer\"><\/embed><\/p>\n<p style=\"text-align: center;\"><a href=\"https:\/\/picasaweb.google.com\/104441221767343032393\/P4HortDeLaSinia#slideshow\/6013711814682064050\" target=\"_blank\">P4 Hort de la s\u00ednia<\/a><\/p>\n<\/td>\n<\/tr>\n<tr>\n<td colspan=\"2\">\n<p style=\"text-align: center;\">\u00a0<embed type=\"application\/x-shockwave-flash\" src=\"https:\/\/photos.gstatic.com\/media\/slideshow.swf\" width=\"288\" height=\"192\" flashvars=\"host=picasaweb.google.com&#038;hl=ca&#038;feat=flashalbum&#038;RGB=0x000000&#038;feed=https%3A%2F%2Fpicasaweb.google.com%2Fdata%2Ffeed%2Fapi%2Fuser%2F104441221767343032393%2Falbumid%2F6013712528787652577%3Falt%3Drss%26kind%3Dphoto%26hl%3Dca\" pluginspage=\"http:\/\/www.macromedia.com\/go\/getflashplayer\"><\/embed><\/p>\n<p style=\"text-align: center;\"><a href=\"https:\/\/picasaweb.google.com\/104441221767343032393\/P5HortDeLaSinia#slideshow\/6013712544062143986\" target=\"_blank\">P5 Hort de la s\u00ednia<\/a><\/p>\n<\/td>\n<\/tr>\n<\/tbody>\n<\/table>\n","protected":false},"excerpt":{"rendered":"<p>Mireu que b\u00e9 que ens ho vam passar a l&#8217;excursi\u00f3 a l&#8217;Hort de la S\u00ednia. A m\u00e9s a m\u00e9s vam aprendre un munt fent activitats amb les abelles, els animals i l&#8217;hort. Va ser un dia molt ric i molt divertit.<br \/>\n&nbsp;<\/p>\n<p>\u00a0<br \/>\n<a href=\"https:\/\/picasaweb.google.com\/104441221767343032393\/P3HortDeLaSinia#slideshow\/6013688769436829298\" target=\"_blank\">P3 Hort de&hellip;  <a href=\"https:\/\/agora.xtec.cat\/escjoanardevol\/general\/educacio-infantil-a-lhort-de-la-sinia\/\" title=\"Read Educaci\u00f3 infantil a l&#8217;hort de la s\u00ednia\">Llegeix m\u00e9s\u00bb<\/a><\/p>\n","protected":false},"author":1,"featured_media":0,"comment_status":"open","ping_status":"open","sticky":false,"template":"","format":"standard","meta":{"_bbp_topic_count":0,"_bbp_reply_count":0,"_bbp_total_topic_count":0,"_bbp_total_reply_count":0,"_bbp_voice_count":0,"_bbp_anonymous_reply_count":0,"_bbp_topic_count_hidden":0,"_bbp_reply_count_hidden":0,"_bbp_forum_subforum_count":0,"footnotes":""},"categories":[1,2],"tags":[93,103,140,16,187],"class_list":["post-2389","post","type-post","status-publish","format-standard","hentry","category-general","category-infantil","tag-convivencia","tag-educacio-infantil","tag-medi","tag-sortides","tag-valors"],"post_mailing_queue_ids":[],"_links":{"self":[{"href":"https:\/\/agora.xtec.cat\/escjoanardevol\/wp-json\/wp\/v2\/posts\/2389","targetHints":{"allow":["GET"]}}],"collection":[{"href":"https:\/\/agora.xtec.cat\/escjoanardevol\/wp-json\/wp\/v2\/posts"}],"about":[{"href":"https:\/\/agora.xtec.cat\/escjoanardevol\/wp-json\/wp\/v2\/types\/post"}],"author":[{"embeddable":true,"href":"https:\/\/agora.xtec.cat\/escjoanardevol\/wp-json\/wp\/v2\/users\/1"}],"replies":[{"embeddable":true,"href":"https:\/\/agora.xtec.cat\/escjoanardevol\/wp-json\/wp\/v2\/comments?post=2389"}],"version-history":[{"count":0,"href":"https:\/\/agora.xtec.cat\/escjoanardevol\/wp-json\/wp\/v2\/posts\/2389\/revisions"}],"wp:attachment":[{"href":"https:\/\/agora.xtec.cat\/escjoanardevol\/wp-json\/wp\/v2\/media?parent=2389"}],"wp:term":[{"taxonomy":"category","embeddable":true,"href":"https:\/\/agora.xtec.cat\/escjoanardevol\/wp-json\/wp\/v2\/categories?post=2389"},{"taxonomy":"post_tag","embeddable":true,"href":"https:\/\/agora.xtec.cat\/escjoanardevol\/wp-json\/wp\/v2\/tags?post=2389"}],"curies":[{"name":"wp","href":"https:\/\/api.w.org\/{rel}","templated":true}]}}