{"id":2385,"date":"2014-05-13T07:50:00","date_gmt":"2014-05-13T07:50:00","guid":{"rendered":"http:\/\/joanardevol.org\/info\/?p=2385"},"modified":"2014-05-13T07:50:00","modified_gmt":"2014-05-13T07:50:00","slug":"duetto-buffo-per-dui-gatti","status":"publish","type":"post","link":"https:\/\/agora.xtec.cat\/escjoanardevol\/general\/duetto-buffo-per-dui-gatti\/","title":{"rendered":"Duetto Buffo per Dui Gatti"},"content":{"rendered":"<p>Fa uns dies vam estrenar la nostra versi\u00f3 d\u2019un dels <em>divertimento buffo<\/em> m\u00e9s famosos de Rossini.<\/p>\n<p>Rossini fou un dels grans mestres de l\u2019\u00f2pera dels inicis del segle XIX. Les seves propostes musicals renovaren el g\u00e8nere c\u00f2mic i el dram\u00e0tic. Ens deix\u00e0 grans exemples com:<\/p>\n<ul>\n<li>El Barber de Sevilla.<\/li>\n<li>Guillem Tell<\/li>\n<li>La garsa lladre.<\/li>\n<li>La Ventafocs i moltes altres.<\/li>\n<\/ul>\n<p>Al cim de la seva carrera i fama ho deix\u00e0 estar tot i se n&#8217;an\u00e0 a viure a Par\u00eds on acabaria obrint un restaurant que li report\u00e0 tanta fama com al seva m\u00fasica. Amb tot, no deix\u00e0 de composar mai. Sembla ser que li agradava amenitzar clients i amics, quan anaven al seu restaurant. Qui no ha menjat mai uns bons canalons a la Rossini?.<\/p>\n<p>&nbsp;<br \/>\n<embed type=\"application\/x-shockwave-flash\" src=\"https:\/\/photos.gstatic.com\/media\/slideshow.swf\" width=\"600\" height=\"400\" flashvars=\"host=picasaweb.google.com&#038;hl=ca&#038;feat=flashalbum&#038;RGB=0x000000&#038;feed=https%3A%2F%2Fpicasaweb.google.com%2Fdata%2Ffeed%2Fapi%2Fuser%2F104441221767343032393%2Falbumid%2F6012813325011654161%3Falt%3Drss%26kind%3Dphoto%26hl%3Dca\" pluginspage=\"http:\/\/www.macromedia.com\/go\/getflashplayer\"><\/embed><\/p>\n","protected":false},"excerpt":{"rendered":"<p>Fa uns dies vam estrenar la nostra versi\u00f3 d\u2019un dels divertimento buffo m\u00e9s famosos de Rossini.<br \/>\nRossini fou un dels grans mestres de l\u2019\u00f2pera dels inicis del segle XIX. Les seves propostes musicals renovaren el g\u00e8nere c\u00f2mic i el dram\u00e0tic. Ens deix\u00e0 grans exemples com:<\/p>\n<ul>\n<li>El Barber&hellip;  <a href=\"https:\/\/agora.xtec.cat\/escjoanardevol\/general\/duetto-buffo-per-dui-gatti\/\" title=\"Read Duetto Buffo per Dui Gatti\">Llegeix m\u00e9s\u00bb<\/a><br \/>\n","protected":false},"author":1,"featured_media":0,"comment_status":"open","ping_status":"open","sticky":false,"template":"","format":"standard","meta":{"_bbp_topic_count":0,"_bbp_reply_count":0,"_bbp_total_topic_count":0,"_bbp_total_reply_count":0,"_bbp_voice_count":0,"_bbp_anonymous_reply_count":0,"_bbp_topic_count_hidden":0,"_bbp_reply_count_hidden":0,"_bbp_forum_subforum_count":0,"footnotes":""},"categories":[10,1],"tags":[59,75,145],"class_list":["post-2385","post","type-post","status-publish","format-standard","hentry","category-1r","category-general","tag-activitats","tag-cicle-inicial","tag-musica"],"post_mailing_queue_ids":[],"_links":{"self":[{"href":"https:\/\/agora.xtec.cat\/escjoanardevol\/wp-json\/wp\/v2\/posts\/2385","targetHints":{"allow":["GET"]}}],"collection":[{"href":"https:\/\/agora.xtec.cat\/escjoanardevol\/wp-json\/wp\/v2\/posts"}],"about":[{"href":"https:\/\/agora.xtec.cat\/escjoanardevol\/wp-json\/wp\/v2\/types\/post"}],"author":[{"embeddable":true,"href":"https:\/\/agora.xtec.cat\/escjoanardevol\/wp-json\/wp\/v2\/users\/1"}],"replies":[{"embeddable":true,"href":"https:\/\/agora.xtec.cat\/escjoanardevol\/wp-json\/wp\/v2\/comments?post=2385"}],"version-history":[{"count":0,"href":"https:\/\/agora.xtec.cat\/escjoanardevol\/wp-json\/wp\/v2\/posts\/2385\/revisions"}],"wp:attachment":[{"href":"https:\/\/agora.xtec.cat\/escjoanardevol\/wp-json\/wp\/v2\/media?parent=2385"}],"wp:term":[{"taxonomy":"category","embeddable":true,"href":"https:\/\/agora.xtec.cat\/escjoanardevol\/wp-json\/wp\/v2\/categories?post=2385"},{"taxonomy":"post_tag","embeddable":true,"href":"https:\/\/agora.xtec.cat\/escjoanardevol\/wp-json\/wp\/v2\/tags?post=2385"}],"curies":[{"name":"wp","href":"https:\/\/api.w.org\/{rel}","templated":true}]}}