{"id":2362,"date":"2014-04-25T08:55:38","date_gmt":"2014-04-25T08:55:38","guid":{"rendered":"http:\/\/joanardevol.org\/info\/?p=2362"},"modified":"2014-04-25T08:55:38","modified_gmt":"2014-04-25T08:55:38","slug":"sant-jordi","status":"publish","type":"post","link":"https:\/\/agora.xtec.cat\/escjoanardevol\/general\/sant-jordi\/","title":{"rendered":"Sant Jordi"},"content":{"rendered":"<p>Enguany hem celebrat el Sant Jordi.<\/p>\n<p>Per a nosaltres \u00e9s un dia molt especial perqu\u00e8 Sant Jordi \u00e9s el patr\u00f3 de Catalunya. Fem uns jocs florals als quals hi participem tots els nens i nenes de l&#8217;escola. Tamb\u00e9, els grans de 5\u00e8 i 6\u00e8 fan la representaci\u00f3 de la llegenda de Sant Jordi per als m\u00e9s petits. A m\u00e9s, enguany, els de 6\u00e8 han anat a fer-la les llars d&#8217;infants.<\/p>\n<p>&nbsp;<\/p>\n<table border=\"0\" width=\"100%\" cellpadding=\"0\">\n<tbody>\n<tr style=\"text-align: center;\">\n<td><embed width=\"288\" height=\"192\" type=\"application\/x-shockwave-flash\" src=\"https:\/\/photos.gstatic.com\/media\/slideshow.swf\" flashvars=\"host=picasaweb.google.com&amp;hl=ca&amp;feat=flashalbum&amp;RGB=0x000000&amp;feed=https%3A%2F%2Fpicasaweb.google.com%2Fdata%2Ffeed%2Fapi%2Fuser%2F104441221767343032393%2Falbumid%2F6006132813646853361%3Falt%3Drss%26kind%3Dphoto%26hl%3Dca\" pluginspage=\"http:\/\/www.macromedia.com\/go\/getflashplayer\"><\/embed><\/p>\n<p style=\"text-align: center;\">Paradetes de llibres i roses<\/p>\n<\/td>\n<td style=\"text-align: center;\"><embed width=\"288\" height=\"192\" type=\"application\/x-shockwave-flash\" src=\"https:\/\/photos.gstatic.com\/media\/slideshow.swf\" flashvars=\"host=picasaweb.google.com&amp;hl=ca&amp;feat=flashalbum&amp;RGB=0x000000&amp;feed=https%3A%2F%2Fpicasaweb.google.com%2Fdata%2Ffeed%2Fapi%2Fuser%2F104441221767343032393%2Falbumid%2F6006149955998677809%3Falt%3Drss%26kind%3Dphoto%26hl%3Dca\" pluginspage=\"http:\/\/www.macromedia.com\/go\/getflashplayer\"><\/embed><\/p>\n<p style=\"text-align: center;\">Jocs florals<\/td>\n<\/tr>\n<tr>\n<td style=\"text-align: center;\"><embed type=\"application\/x-shockwave-flash\" src=\"https:\/\/photos.gstatic.com\/media\/slideshow.swf\" width=\"288\" height=\"192\" flashvars=\"host=picasaweb.google.com&#038;hl=ca&#038;feat=flashalbum&#038;RGB=0x000000&#038;feed=https%3A%2F%2Fpicasaweb.google.com%2Fdata%2Ffeed%2Fapi%2Fuser%2F104441221767343032393%2Falbumid%2F6006134303126282673%3Falt%3Drss%26kind%3Dphoto%26hl%3Dca\" pluginspage=\"http:\/\/www.macromedia.com\/go\/getflashplayer\"><\/embed><\/p>\n<p style=\"text-align: center;\">Representaci\u00f3 de la llegenda de Sant Jordi a la Llar Dolors Medina<\/td>\n<td style=\"text-align: center;\"><embed width=\"288\" height=\"192\" type=\"application\/x-shockwave-flash\" src=\"https:\/\/photos.gstatic.com\/media\/slideshow.swf\" flashvars=\"host=picasaweb.google.com&amp;hl=ca&amp;feat=flashalbum&amp;RGB=0x000000&amp;feed=https%3A%2F%2Fpicasaweb.google.com%2Fdata%2Ffeed%2Fapi%2Fuser%2F104441221767343032393%2Falbumid%2F6006135567927668721%3Falt%3Drss%26kind%3Dphoto%26hl%3Dca\" pluginspage=\"http:\/\/www.macromedia.com\/go\/getflashplayer\"><\/embed><\/p>\n<p style=\"text-align: center;\">Representaci\u00f3 de la llegenda de Sant Jordi a la Llar\u00a0La Galereta<\/p>\n<\/td>\n<\/tr>\n<\/tbody>\n<\/table>\n","protected":false},"excerpt":{"rendered":"<p>Enguany hem celebrat el Sant Jordi.<br \/>\nPer a nosaltres \u00e9s un dia molt especial perqu\u00e8 Sant Jordi \u00e9s el patr\u00f3 de Catalunya. Fem uns jocs florals als quals hi participem tots els nens i nenes de l&#8217;escola. Tamb\u00e9, els grans de 5\u00e8 i 6\u00e8 fan la&hellip;  <a href=\"https:\/\/agora.xtec.cat\/escjoanardevol\/general\/sant-jordi\/\" title=\"Read Sant Jordi\">Llegeix m\u00e9s\u00bb<\/a><\/p>\n","protected":false},"author":1,"featured_media":0,"comment_status":"open","ping_status":"open","sticky":false,"template":"","format":"standard","meta":{"_bbp_topic_count":0,"_bbp_reply_count":0,"_bbp_total_topic_count":0,"_bbp_total_reply_count":0,"_bbp_voice_count":0,"_bbp_anonymous_reply_count":0,"_bbp_topic_count_hidden":0,"_bbp_reply_count_hidden":0,"_bbp_forum_subforum_count":0,"footnotes":""},"categories":[10,12,14,1,2],"tags":[59,93,133],"class_list":["post-2362","post","type-post","status-publish","format-standard","hentry","category-1r","category-3r","category-5e","category-general","category-infantil","tag-activitats","tag-convivencia","tag-llibres"],"post_mailing_queue_ids":[],"_links":{"self":[{"href":"https:\/\/agora.xtec.cat\/escjoanardevol\/wp-json\/wp\/v2\/posts\/2362","targetHints":{"allow":["GET"]}}],"collection":[{"href":"https:\/\/agora.xtec.cat\/escjoanardevol\/wp-json\/wp\/v2\/posts"}],"about":[{"href":"https:\/\/agora.xtec.cat\/escjoanardevol\/wp-json\/wp\/v2\/types\/post"}],"author":[{"embeddable":true,"href":"https:\/\/agora.xtec.cat\/escjoanardevol\/wp-json\/wp\/v2\/users\/1"}],"replies":[{"embeddable":true,"href":"https:\/\/agora.xtec.cat\/escjoanardevol\/wp-json\/wp\/v2\/comments?post=2362"}],"version-history":[{"count":0,"href":"https:\/\/agora.xtec.cat\/escjoanardevol\/wp-json\/wp\/v2\/posts\/2362\/revisions"}],"wp:attachment":[{"href":"https:\/\/agora.xtec.cat\/escjoanardevol\/wp-json\/wp\/v2\/media?parent=2362"}],"wp:term":[{"taxonomy":"category","embeddable":true,"href":"https:\/\/agora.xtec.cat\/escjoanardevol\/wp-json\/wp\/v2\/categories?post=2362"},{"taxonomy":"post_tag","embeddable":true,"href":"https:\/\/agora.xtec.cat\/escjoanardevol\/wp-json\/wp\/v2\/tags?post=2362"}],"curies":[{"name":"wp","href":"https:\/\/api.w.org\/{rel}","templated":true}]}}