{"id":2304,"date":"2014-03-21T10:51:27","date_gmt":"2014-03-21T10:51:27","guid":{"rendered":"http:\/\/joanardevol.org\/info\/?p=2304"},"modified":"2014-03-21T10:51:27","modified_gmt":"2014-03-21T10:51:27","slug":"p5-al-moli-de-les-tres-eres","status":"publish","type":"post","link":"https:\/\/agora.xtec.cat\/escjoanardevol\/general\/p5-al-moli-de-les-tres-eres\/","title":{"rendered":"P5 al mol\u00ed de les tres eres"},"content":{"rendered":"<p>Els nenes i les nenes de P5 hem anat al Mol\u00ed de les tres eres i ens ho hem passat molt b\u00e9. Hem apr\u00e8s com feien abans la farina i a on vivia el moliner.El que m\u00e9s ens ha agradat \u00e9s el salt de\u00a0 l&#8217;aigua que amb la seva for\u00e7a mou el mol\u00ed.<\/p>\n<p>&nbsp;<embed type=\"application\/x-shockwave-flash\" src=\"https:\/\/photos.gstatic.com\/media\/slideshow.swf\" width=\"600\" height=\"400\" flashvars=\"host=picasaweb.google.com&#038;hl=ca&#038;feat=flashalbum&#038;RGB=0x000000&#038;feed=https%3A%2F%2Fpicasaweb.google.com%2Fdata%2Ffeed%2Fapi%2Fuser%2F104441221767343032393%2Falbumid%2F5993192434867861425%3Falt%3Drss%26kind%3Dphoto%26hl%3Dca\" pluginspage=\"http:\/\/www.macromedia.com\/go\/getflashplayer\"><\/embed><\/p>\n","protected":false},"excerpt":{"rendered":"<p>Els nenes i les nenes de P5 hem anat al Mol\u00ed de les tres eres i ens ho hem passat molt b\u00e9. Hem apr\u00e8s com feien abans la farina i a on vivia el moliner.El que m\u00e9s ens ha agradat \u00e9s el salt de\u00a0 l&#8217;aigua&hellip;  <a href=\"https:\/\/agora.xtec.cat\/escjoanardevol\/general\/p5-al-moli-de-les-tres-eres\/\" title=\"Read P5 al mol\u00ed de les tres eres\">Llegeix m\u00e9s\u00bb<\/a><\/p>\n","protected":false},"author":1,"featured_media":0,"comment_status":"open","ping_status":"open","sticky":false,"template":"","format":"standard","meta":{"_bbp_topic_count":0,"_bbp_reply_count":0,"_bbp_total_topic_count":0,"_bbp_total_reply_count":0,"_bbp_voice_count":0,"_bbp_anonymous_reply_count":0,"_bbp_topic_count_hidden":0,"_bbp_reply_count_hidden":0,"_bbp_forum_subforum_count":0,"footnotes":""},"categories":[1,2],"tags":[69,103,144,16],"class_list":["post-2304","post","type-post","status-publish","format-standard","hentry","category-general","category-infantil","tag-cambrils","tag-educacio-infantil","tag-museus","tag-sortides"],"post_mailing_queue_ids":[],"_links":{"self":[{"href":"https:\/\/agora.xtec.cat\/escjoanardevol\/wp-json\/wp\/v2\/posts\/2304","targetHints":{"allow":["GET"]}}],"collection":[{"href":"https:\/\/agora.xtec.cat\/escjoanardevol\/wp-json\/wp\/v2\/posts"}],"about":[{"href":"https:\/\/agora.xtec.cat\/escjoanardevol\/wp-json\/wp\/v2\/types\/post"}],"author":[{"embeddable":true,"href":"https:\/\/agora.xtec.cat\/escjoanardevol\/wp-json\/wp\/v2\/users\/1"}],"replies":[{"embeddable":true,"href":"https:\/\/agora.xtec.cat\/escjoanardevol\/wp-json\/wp\/v2\/comments?post=2304"}],"version-history":[{"count":0,"href":"https:\/\/agora.xtec.cat\/escjoanardevol\/wp-json\/wp\/v2\/posts\/2304\/revisions"}],"wp:attachment":[{"href":"https:\/\/agora.xtec.cat\/escjoanardevol\/wp-json\/wp\/v2\/media?parent=2304"}],"wp:term":[{"taxonomy":"category","embeddable":true,"href":"https:\/\/agora.xtec.cat\/escjoanardevol\/wp-json\/wp\/v2\/categories?post=2304"},{"taxonomy":"post_tag","embeddable":true,"href":"https:\/\/agora.xtec.cat\/escjoanardevol\/wp-json\/wp\/v2\/tags?post=2304"}],"curies":[{"name":"wp","href":"https:\/\/api.w.org\/{rel}","templated":true}]}}