{"id":2293,"date":"2014-03-20T12:19:21","date_gmt":"2014-03-20T12:19:21","guid":{"rendered":"http:\/\/joanardevol.org\/info\/?p=2293"},"modified":"2014-03-20T12:19:21","modified_gmt":"2014-03-20T12:19:21","slug":"animacio-a-la-lectura-2","status":"publish","type":"post","link":"https:\/\/agora.xtec.cat\/escjoanardevol\/general\/animacio-a-la-lectura-2\/","title":{"rendered":"Animaci\u00f3 a la lectura"},"content":{"rendered":"<div><span style=\"line-height: 1.5em;\">Com cada curs,\u00a0 l&#8217;escola dedica diferents\u00a0 sessions a l&#8217;animaci\u00f3 a la lectura. Un dels nostres objectius prioritaris \u00e9s crear h\u00e0bits de lectura i formar bons lectors.<\/span><\/div>\n<p>LA PRINCESA DE LA SAL , \u00e9s el t\u00edtol del conte que la S\u00edlvia Palaz\u00f3n ha representat per a tots els alumnes de Cicle Infantil : P3, P4 i P5.<\/p>\n<table width=\"100%\" border=\"0\" cellpadding=\"0\">\n<tbody>\n<tr>\n<td><object width=\"288\" height=\"192\" classid=\"clsid:d27cdb6e-ae6d-11cf-96b8-444553540000\" codebase=\"http:\/\/download.macromedia.com\/pub\/shockwave\/cabs\/flash\/swflash.cab#version=6,0,40,0\"><param name=\"src\" value=\"https:\/\/photos.gstatic.com\/media\/slideshow.swf\" \/><param name=\"flashvars\" value=\"host=picasaweb.google.com&amp;hl=ca&amp;feat=flashalbum&amp;RGB=0x000000&amp;feed=https%3A%2F%2Fpicasaweb.google.com%2Fdata%2Ffeed%2Fapi%2Fuser%2F104441221767343032393%2Falbumid%2F5991693174855843761%3Falt%3Drss%26kind%3Dphoto%26hl%3Dca\" \/><param name=\"pluginspage\" value=\"http:\/\/www.macromedia.com\/go\/getflashplayer\" \/><embed width=\"288\" height=\"192\" type=\"application\/x-shockwave-flash\" src=\"https:\/\/photos.gstatic.com\/media\/slideshow.swf\" flashvars=\"host=picasaweb.google.com&amp;hl=ca&amp;feat=flashalbum&amp;RGB=0x000000&amp;feed=https%3A%2F%2Fpicasaweb.google.com%2Fdata%2Ffeed%2Fapi%2Fuser%2F104441221767343032393%2Falbumid%2F5991693174855843761%3Falt%3Drss%26kind%3Dphoto%26hl%3Dca\" pluginspage=\"http:\/\/www.macromedia.com\/go\/getflashplayer\" \/><\/object><\/td>\n<td><object width=\"288\" height=\"192\" classid=\"clsid:d27cdb6e-ae6d-11cf-96b8-444553540000\" codebase=\"http:\/\/download.macromedia.com\/pub\/shockwave\/cabs\/flash\/swflash.cab#version=6,0,40,0\"><param name=\"src\" value=\"https:\/\/photos.gstatic.com\/media\/slideshow.swf\" \/><param name=\"flashvars\" value=\"host=picasaweb.google.com&amp;hl=ca&amp;feat=flashalbum&amp;RGB=0x000000&amp;feed=https%3A%2F%2Fpicasaweb.google.com%2Fdata%2Ffeed%2Fapi%2Fuser%2F104441221767343032393%2Falbumid%2F5992873293168758785%3Falt%3Drss%26kind%3Dphoto%26hl%3Dca\" \/><param name=\"pluginspage\" value=\"http:\/\/www.macromedia.com\/go\/getflashplayer\" \/><embed width=\"288\" height=\"192\" type=\"application\/x-shockwave-flash\" src=\"https:\/\/photos.gstatic.com\/media\/slideshow.swf\" flashvars=\"host=picasaweb.google.com&amp;hl=ca&amp;feat=flashalbum&amp;RGB=0x000000&amp;feed=https%3A%2F%2Fpicasaweb.google.com%2Fdata%2Ffeed%2Fapi%2Fuser%2F104441221767343032393%2Falbumid%2F5992873293168758785%3Falt%3Drss%26kind%3Dphoto%26hl%3Dca\" pluginspage=\"http:\/\/www.macromedia.com\/go\/getflashplayer\" \/><\/object><\/td>\n<\/tr>\n<tr>\n<td><a href=\"https:\/\/picasaweb.google.com\/104441221767343032393\/AnimacioALaLecturaInfantil#\" target=\"_blank\">\u00c0lbum d&#8217;educaci\u00f3 infantil<\/a><\/td>\n<td><a href=\"https:\/\/picasaweb.google.com\/104441221767343032393\/AnimacioALaLecturaCM#\" target=\"_blank\">\u00c0lbum de cicle mitj\u00e0<\/a><\/td>\n<\/tr>\n<\/tbody>\n<\/table>\n<div><\/div>\n<div>\n<br \/>\nAls alumnes de 3er ens ha visitat la BRUIXA GANYOTA, que \u00e9s col.lega d&#8217;en Narc\u00eds, el bruixot protagonista del llibre Pet de LLop que hem llegit a classe.<br \/>\nAquesta Bruixa tenia un problema sensorial de vista i d&#8217;olfacte. En una olla hem posat plantes ar\u00f2m\u00e0tiques, fulles, fruits i esp\u00e8cies (pi, esp\u00e0rregs, farigola, canyella, roman\u00ed, llimona, ametlla,&#8230;) que hem desxifrar a partir d\u00fans c\u00f2digs secrets. Hem dit les paraules m\u00e0giques &#8220;Pirulo, pirul\u00e9, pirula, pirul\u00e0 que et torni l&#8217;olfacte al teu nas&#8221;. Ho hem fet molt b\u00e9, i hem curat a la bruixa Ganyota. Ara podr\u00e0 olorar les olors de la primavera g\u00e0cies a nosaltres i veure totes les plantes.<\/p>\n<\/div>\n<div><\/div>\n","protected":false},"excerpt":{"rendered":"<p>Com cada curs,\u00a0 l&#8217;escola dedica diferents\u00a0 sessions a l&#8217;animaci\u00f3 a la lectura. Un dels nostres objectius prioritaris \u00e9s crear h\u00e0bits de lectura i formar bons lectors.<br \/>\nLA PRINCESA DE LA SAL , \u00e9s el t\u00edtol del conte que la S\u00edlvia Palaz\u00f3n ha representat per a tots&hellip;  <a href=\"https:\/\/agora.xtec.cat\/escjoanardevol\/general\/animacio-a-la-lectura-2\/\" title=\"Read Animaci\u00f3 a la lectura\">Llegeix m\u00e9s\u00bb<\/a><\/p>\n","protected":false},"author":1,"featured_media":0,"comment_status":"open","ping_status":"open","sticky":false,"template":"","format":"standard","meta":{"_bbp_topic_count":0,"_bbp_reply_count":0,"_bbp_total_topic_count":0,"_bbp_total_reply_count":0,"_bbp_voice_count":0,"_bbp_anonymous_reply_count":0,"_bbp_topic_count_hidden":0,"_bbp_reply_count_hidden":0,"_bbp_forum_subforum_count":0,"footnotes":""},"categories":[1,2],"tags":[59,92,103,130,177],"class_list":["post-2293","post","type-post","status-publish","format-standard","hentry","category-general","category-infantil","tag-activitats","tag-contes","tag-educacio-infantil","tag-lectura","tag-tallers"],"post_mailing_queue_ids":[],"_links":{"self":[{"href":"https:\/\/agora.xtec.cat\/escjoanardevol\/wp-json\/wp\/v2\/posts\/2293","targetHints":{"allow":["GET"]}}],"collection":[{"href":"https:\/\/agora.xtec.cat\/escjoanardevol\/wp-json\/wp\/v2\/posts"}],"about":[{"href":"https:\/\/agora.xtec.cat\/escjoanardevol\/wp-json\/wp\/v2\/types\/post"}],"author":[{"embeddable":true,"href":"https:\/\/agora.xtec.cat\/escjoanardevol\/wp-json\/wp\/v2\/users\/1"}],"replies":[{"embeddable":true,"href":"https:\/\/agora.xtec.cat\/escjoanardevol\/wp-json\/wp\/v2\/comments?post=2293"}],"version-history":[{"count":0,"href":"https:\/\/agora.xtec.cat\/escjoanardevol\/wp-json\/wp\/v2\/posts\/2293\/revisions"}],"wp:attachment":[{"href":"https:\/\/agora.xtec.cat\/escjoanardevol\/wp-json\/wp\/v2\/media?parent=2293"}],"wp:term":[{"taxonomy":"category","embeddable":true,"href":"https:\/\/agora.xtec.cat\/escjoanardevol\/wp-json\/wp\/v2\/categories?post=2293"},{"taxonomy":"post_tag","embeddable":true,"href":"https:\/\/agora.xtec.cat\/escjoanardevol\/wp-json\/wp\/v2\/tags?post=2293"}],"curies":[{"name":"wp","href":"https:\/\/api.w.org\/{rel}","templated":true}]}}