{"id":2194,"date":"2014-03-12T08:45:59","date_gmt":"2014-03-12T08:45:59","guid":{"rendered":"http:\/\/joanardevol.org\/info\/?p=2194"},"modified":"2014-03-12T08:45:59","modified_gmt":"2014-03-12T08:45:59","slug":"la-importancia-del-reciclatge","status":"publish","type":"post","link":"https:\/\/agora.xtec.cat\/escjoanardevol\/general\/la-importancia-del-reciclatge\/","title":{"rendered":"La import\u00e0ncia del reciclatge."},"content":{"rendered":"<p>Els alumnes de cinqu\u00e8 de l&#8217;escola hem realitzat una activitat molt interessant sobre el reciclatge . Vam anar amb trenet fins a la pla\u00e7a Arag\u00f3 on un autob\u00fas-taller s&#8217;hi havia instal\u00b7lat. All\u00ed, vam veure una pel\u00b7l\u00edcula en 3D que ens va fer parar atenci\u00f3 sobre el reciclatge de les bombetes i les piles. Despr\u00e9s, vam realitzar una s\u00e8rie d&#8217;activitats molt din\u00e0miques relacionades amb l&#8217;aprofitament de l&#8217;energia i de com treure partir dels petits electrodom\u00e8stics i aparells electr\u00f2nics vells. Vam adonar-nos que cal que cuidem el planeta i tamb\u00e9 que gaireb\u00e9 tot \u00e9s pot reciclar. No us oblideu de dur a la deixalleria aquells dispositius el\u00e8ctrics que ja no necessiteu!<\/p>\n<p>[ngg_images gallery_ids=&#8221;20&#8243; display_type=&#8221;photocrati-nextgen_basic_slideshow&#8221;]<\/p>\n","protected":false},"excerpt":{"rendered":"<p>Els alumnes de cinqu\u00e8 de l&#8217;escola hem realitzat una activitat molt interessant sobre el reciclatge . Vam anar amb trenet fins a la pla\u00e7a Arag\u00f3 on un autob\u00fas-taller s&#8217;hi havia instal\u00b7lat. All\u00ed, vam veure una pel\u00b7l\u00edcula en 3D que ens va fer parar atenci\u00f3 sobre&hellip;  <a href=\"https:\/\/agora.xtec.cat\/escjoanardevol\/general\/la-importancia-del-reciclatge\/\" title=\"Read La import\u00e0ncia del reciclatge.\">Llegeix m\u00e9s\u00bb<\/a><\/p>\n","protected":false},"author":1,"featured_media":0,"comment_status":"open","ping_status":"open","sticky":false,"template":"","format":"standard","meta":{"_bbp_topic_count":0,"_bbp_reply_count":0,"_bbp_total_topic_count":0,"_bbp_total_reply_count":0,"_bbp_voice_count":0,"_bbp_anonymous_reply_count":0,"_bbp_topic_count_hidden":0,"_bbp_reply_count_hidden":0,"_bbp_forum_subforum_count":0,"footnotes":""},"categories":[14,1],"tags":[58,82,164,172],"class_list":["post-2194","post","type-post","status-publish","format-standard","hentry","category-5e","category-general","tag-activitat","tag-cinque","tag-reciclatge","tag-sortida"],"post_mailing_queue_ids":[],"_links":{"self":[{"href":"https:\/\/agora.xtec.cat\/escjoanardevol\/wp-json\/wp\/v2\/posts\/2194","targetHints":{"allow":["GET"]}}],"collection":[{"href":"https:\/\/agora.xtec.cat\/escjoanardevol\/wp-json\/wp\/v2\/posts"}],"about":[{"href":"https:\/\/agora.xtec.cat\/escjoanardevol\/wp-json\/wp\/v2\/types\/post"}],"author":[{"embeddable":true,"href":"https:\/\/agora.xtec.cat\/escjoanardevol\/wp-json\/wp\/v2\/users\/1"}],"replies":[{"embeddable":true,"href":"https:\/\/agora.xtec.cat\/escjoanardevol\/wp-json\/wp\/v2\/comments?post=2194"}],"version-history":[{"count":0,"href":"https:\/\/agora.xtec.cat\/escjoanardevol\/wp-json\/wp\/v2\/posts\/2194\/revisions"}],"wp:attachment":[{"href":"https:\/\/agora.xtec.cat\/escjoanardevol\/wp-json\/wp\/v2\/media?parent=2194"}],"wp:term":[{"taxonomy":"category","embeddable":true,"href":"https:\/\/agora.xtec.cat\/escjoanardevol\/wp-json\/wp\/v2\/categories?post=2194"},{"taxonomy":"post_tag","embeddable":true,"href":"https:\/\/agora.xtec.cat\/escjoanardevol\/wp-json\/wp\/v2\/tags?post=2194"}],"curies":[{"name":"wp","href":"https:\/\/api.w.org\/{rel}","templated":true}]}}