{"id":2116,"date":"2014-03-06T18:09:45","date_gmt":"2014-03-06T18:09:45","guid":{"rendered":"http:\/\/joanardevol.org\/info\/?p=2116"},"modified":"2014-03-06T18:09:45","modified_gmt":"2014-03-06T18:09:45","slug":"taller-de-coeducacio","status":"publish","type":"post","link":"https:\/\/agora.xtec.cat\/escjoanardevol\/general\/taller-de-coeducacio\/","title":{"rendered":"Taller de coeducaci\u00f3"},"content":{"rendered":"<p>Els nens i les nenes de segon hem fet un taller de coeducaci\u00f3 amb el t\u00edtol, DIFERENT SI, DESIGUALS NO. Ens han explicat el conte de &#8220;La Tanga i el gran lleopard&#8221;, tamb\u00e9 hem fet un joc, i sobretot hem apr\u00e8s que les nenes i els nens som iguals.<\/p>\n<p>[ngg_images gallery_ids=&#8221;18&#8243; display_type=&#8221;photocrati-nextgen_basic_slideshow&#8221;]<\/p>\n<p>Si vols veure l&#8217;\u00e0lbum sencer, fes clic\u00a0<a href=\"https:\/\/picasaweb.google.com\/104441221767343032393\/CITallerCoeducacio#\" target=\"_blank\">aqu\u00ed<\/a>.<\/p>\n","protected":false},"excerpt":{"rendered":"<p>Els nens i les nenes de segon hem fet un taller de coeducaci\u00f3 amb el t\u00edtol, DIFERENT SI, DESIGUALS NO. Ens han explicat el conte de &#8220;La Tanga i el gran lleopard&#8221;, tamb\u00e9 hem fet un joc, i sobretot hem apr\u00e8s que les nenes i&hellip;  <a href=\"https:\/\/agora.xtec.cat\/escjoanardevol\/general\/taller-de-coeducacio\/\" title=\"Read Taller de coeducaci\u00f3\">Llegeix m\u00e9s\u00bb<\/a><\/p>\n","protected":false},"author":1,"featured_media":0,"comment_status":"open","ping_status":"open","sticky":false,"template":"","format":"standard","meta":{"_bbp_topic_count":0,"_bbp_reply_count":0,"_bbp_total_topic_count":0,"_bbp_total_reply_count":0,"_bbp_voice_count":0,"_bbp_anonymous_reply_count":0,"_bbp_topic_count_hidden":0,"_bbp_reply_count_hidden":0,"_bbp_forum_subforum_count":0,"footnotes":""},"categories":[10,1],"tags":[59,75,85,94,187],"class_list":["post-2116","post","type-post","status-publish","format-standard","hentry","category-1r","category-general","tag-activitats","tag-cicle-inicial","tag-coeducacio","tag-cooperacio","tag-valors"],"post_mailing_queue_ids":[],"_links":{"self":[{"href":"https:\/\/agora.xtec.cat\/escjoanardevol\/wp-json\/wp\/v2\/posts\/2116","targetHints":{"allow":["GET"]}}],"collection":[{"href":"https:\/\/agora.xtec.cat\/escjoanardevol\/wp-json\/wp\/v2\/posts"}],"about":[{"href":"https:\/\/agora.xtec.cat\/escjoanardevol\/wp-json\/wp\/v2\/types\/post"}],"author":[{"embeddable":true,"href":"https:\/\/agora.xtec.cat\/escjoanardevol\/wp-json\/wp\/v2\/users\/1"}],"replies":[{"embeddable":true,"href":"https:\/\/agora.xtec.cat\/escjoanardevol\/wp-json\/wp\/v2\/comments?post=2116"}],"version-history":[{"count":0,"href":"https:\/\/agora.xtec.cat\/escjoanardevol\/wp-json\/wp\/v2\/posts\/2116\/revisions"}],"wp:attachment":[{"href":"https:\/\/agora.xtec.cat\/escjoanardevol\/wp-json\/wp\/v2\/media?parent=2116"}],"wp:term":[{"taxonomy":"category","embeddable":true,"href":"https:\/\/agora.xtec.cat\/escjoanardevol\/wp-json\/wp\/v2\/categories?post=2116"},{"taxonomy":"post_tag","embeddable":true,"href":"https:\/\/agora.xtec.cat\/escjoanardevol\/wp-json\/wp\/v2\/tags?post=2116"}],"curies":[{"name":"wp","href":"https:\/\/api.w.org\/{rel}","templated":true}]}}