{"id":1966,"date":"2014-02-13T15:04:46","date_gmt":"2014-02-13T15:04:46","guid":{"rendered":"http:\/\/joanardevol.org\/info\/?p=1966"},"modified":"2014-02-13T15:04:46","modified_gmt":"2014-02-13T15:04:46","slug":"consell-de-delegats","status":"publish","type":"post","link":"https:\/\/agora.xtec.cat\/escjoanardevol\/general\/consell-de-delegats\/","title":{"rendered":"Consell de delegats"},"content":{"rendered":"<p>El passat divendres, 7 de febrer, vam celebrar la primera reuni\u00f3 del Consell de Delegats. Hi van assistir tos els delegats i sotsdelegats de cada classe des de primer fins a sis\u00e8. A m\u00e9s, tamb\u00e9 hi havia els membres del Consell de Direcci\u00f3 (Coordinadora d&#8217;educaci\u00f3 infantil, Coordinadora de Cicle Inicial, Coordinador de Cicle Mitj\u00e0, Coordinadora de Cicle Superior, Secretari, Cap d&#8217;estudis i Director de l&#8217;escola).<\/p>\n<p>Com que era el primer cop que es reunia, la tem\u00e0tica va ser sobre les funcions dels delegats i sotsdelegats i del mateix Consell de Delegats. Un delegat ha de ser una persona <strong>seriosa<\/strong> i <strong>responsable<\/strong>, que sigui <strong>acceptada per tot el grup<\/strong>, que <strong>respecta<\/strong> a tots i es faci respectar, amb <strong>iniciatives<\/strong> i ferma en la <strong>defensa dels interessos<\/strong> dels companys.\u00a0El Consell de Delegats ha de servir per <strong>intercanviar informaci\u00f3<\/strong>, <strong>estudiar problemes<\/strong> i necessitats del centre i <strong>elaborar propostes<\/strong> per a la seva millora, fer <strong>suggeriments d\u2019activitats<\/strong> i propostes, <strong>col\u00b7laborar<\/strong> en la gesti\u00f3 de l\u2019escola i el que determini el Consell Escolar.<\/p>\n<p>Ara, cada delegat i sotsdelegat ha de recollir les aportacions que la seva classe faci i presentar-les al Consell de Delegats que se celebrar\u00e0 abans de setmana santa.<\/p>\n<p>[nggallery id=16]<\/p>\n<p><object width=\"600\" height=\"400\" classid=\"clsid:d27cdb6e-ae6d-11cf-96b8-444553540000\" codebase=\"http:\/\/download.macromedia.com\/pub\/shockwave\/cabs\/flash\/swflash.cab#version=6,0,40,0\"><param name=\"src\" value=\"https:\/\/static.googleusercontent.com\/external_content\/picasaweb.googleusercontent.com\/slideshow.swf\" \/><param name=\"flashvars\" value=\"host=picasaweb.google.com&amp;hl=ca&amp;feat=flashalbum&amp;RGB=0x000000&amp;feed=https%3A%2F%2Fpicasaweb.google.com%2Fdata%2Ffeed%2Fapi%2Fuser%2F104441221767343032393%2Falbumid%2F5977627864388724081%3Falt%3Drss%26kind%3Dphoto%26hl%3Dca\" \/><param name=\"pluginspage\" value=\"http:\/\/www.macromedia.com\/go\/getflashplayer\" \/><embed width=\"600\" height=\"400\" type=\"application\/x-shockwave-flash\" src=\"https:\/\/static.googleusercontent.com\/external_content\/picasaweb.googleusercontent.com\/slideshow.swf\" flashvars=\"host=picasaweb.google.com&amp;hl=ca&amp;feat=flashalbum&amp;RGB=0x000000&amp;feed=https%3A%2F%2Fpicasaweb.google.com%2Fdata%2Ffeed%2Fapi%2Fuser%2F104441221767343032393%2Falbumid%2F5977627864388724081%3Falt%3Drss%26kind%3Dphoto%26hl%3Dca\" pluginspage=\"http:\/\/www.macromedia.com\/go\/getflashplayer\" \/><\/object><\/p>\n","protected":false},"excerpt":{"rendered":"<p>El passat divendres, 7 de febrer, vam celebrar la primera reuni\u00f3 del Consell de Delegats. Hi van assistir tos els delegats i sotsdelegats de cada classe des de primer fins a sis\u00e8. A m\u00e9s, tamb\u00e9 hi havia els membres del Consell de Direcci\u00f3 (Coordinadora d&#8217;educaci\u00f3&hellip;  <a href=\"https:\/\/agora.xtec.cat\/escjoanardevol\/general\/consell-de-delegats\/\" title=\"Read Consell de delegats\">Llegeix m\u00e9s\u00bb<\/a><\/p>\n","protected":false},"author":1,"featured_media":0,"comment_status":"open","ping_status":"open","sticky":false,"template":"","format":"standard","meta":{"_bbp_topic_count":0,"_bbp_reply_count":0,"_bbp_total_topic_count":0,"_bbp_total_reply_count":0,"_bbp_voice_count":0,"_bbp_anonymous_reply_count":0,"_bbp_topic_count_hidden":0,"_bbp_reply_count_hidden":0,"_bbp_forum_subforum_count":0,"footnotes":""},"categories":[10,12,14,1],"tags":[59,75,76,77,78,91,93,94,98],"class_list":["post-1966","post","type-post","status-publish","format-standard","hentry","category-1r","category-3r","category-5e","category-general","tag-activitats","tag-cicle-inicial","tag-cicle-mitja","tag-cicle-superior-2","tag-cicles","tag-consell-de-delegats","tag-convivencia","tag-cooperacio","tag-delegats"],"post_mailing_queue_ids":[],"_links":{"self":[{"href":"https:\/\/agora.xtec.cat\/escjoanardevol\/wp-json\/wp\/v2\/posts\/1966","targetHints":{"allow":["GET"]}}],"collection":[{"href":"https:\/\/agora.xtec.cat\/escjoanardevol\/wp-json\/wp\/v2\/posts"}],"about":[{"href":"https:\/\/agora.xtec.cat\/escjoanardevol\/wp-json\/wp\/v2\/types\/post"}],"author":[{"embeddable":true,"href":"https:\/\/agora.xtec.cat\/escjoanardevol\/wp-json\/wp\/v2\/users\/1"}],"replies":[{"embeddable":true,"href":"https:\/\/agora.xtec.cat\/escjoanardevol\/wp-json\/wp\/v2\/comments?post=1966"}],"version-history":[{"count":0,"href":"https:\/\/agora.xtec.cat\/escjoanardevol\/wp-json\/wp\/v2\/posts\/1966\/revisions"}],"wp:attachment":[{"href":"https:\/\/agora.xtec.cat\/escjoanardevol\/wp-json\/wp\/v2\/media?parent=1966"}],"wp:term":[{"taxonomy":"category","embeddable":true,"href":"https:\/\/agora.xtec.cat\/escjoanardevol\/wp-json\/wp\/v2\/categories?post=1966"},{"taxonomy":"post_tag","embeddable":true,"href":"https:\/\/agora.xtec.cat\/escjoanardevol\/wp-json\/wp\/v2\/tags?post=1966"}],"curies":[{"name":"wp","href":"https:\/\/api.w.org\/{rel}","templated":true}]}}