{"id":1956,"date":"2014-02-05T16:35:52","date_gmt":"2014-02-05T16:35:52","guid":{"rendered":"http:\/\/joanardevol.org\/info\/?p=1956"},"modified":"2014-02-05T16:35:52","modified_gmt":"2014-02-05T16:35:52","slug":"els-de-quart-visitem-la-biblioteca-municipal","status":"publish","type":"post","link":"https:\/\/agora.xtec.cat\/escjoanardevol\/general\/els-de-quart-visitem-la-biblioteca-municipal\/","title":{"rendered":"ELS DE QUART VISITEM  LA BIBLIOTECA MUNICIPAL"},"content":{"rendered":"<p>Com cada curs escolar i dins de les activitats programades en el nostre Pla de Lectura, els alumnes de l\u00b4escola fem una visita a la biblioteca Municipal de Cambrils.<\/p>\n<p>Aquesta vegada hem estat els alumnes de quart curs els que hem gaudit de l\u2019estada i de la informaci\u00f3 que ens ofereix\u00a0 la Biblioteca del nostre municipi.<\/p>\n<p>La Rosana, la bibliotec\u00e0ria, ens ha informat sobre la catalogaci\u00f3 i la ubicaci\u00f3 dels documents, del servei de pr\u00e9stec i de les diferents \u00a0activitats \u00a0adre\u00e7ades als nens i nenes, que des d\u00b4all\u00e0 s\u00b4organitzen: Club de lectura, Joc de Lectura, l\u00b4Hora del conte, Visites d\u00b4autors\u2026<\/p>\n<p>Hem passat una bona estona i\u00a0 a m\u00e9s a m\u00e9s hem anat amb el Trenet!!!!!!!!!!!<\/p>\n<p>&nbsp;<embed type=\"application\/x-shockwave-flash\" src=\"https:\/\/static.googleusercontent.com\/external_content\/picasaweb.googleusercontent.com\/slideshow.swf\" width=\"600\" height=\"400\" flashvars=\"host=picasaweb.google.com&#038;hl=ca&#038;feat=flashalbum&#038;RGB=0x000000&#038;feed=https%3A%2F%2Fpicasaweb.google.com%2Fdata%2Ffeed%2Fapi%2Fuser%2F104441221767343032393%2Falbumid%2F5976950221294934849%3Falt%3Drss%26kind%3Dphoto%26hl%3Dca\" pluginspage=\"http:\/\/www.macromedia.com\/go\/getflashplayer\"><\/embed><\/p>\n","protected":false},"excerpt":{"rendered":"<p>Com cada curs escolar i dins de les activitats programades en el nostre Pla de Lectura, els alumnes de l\u00b4escola fem una visita a la biblioteca Municipal de Cambrils.<br \/>\nAquesta vegada hem estat els alumnes de quart curs els que hem gaudit de l\u2019estada i de&hellip;  <a href=\"https:\/\/agora.xtec.cat\/escjoanardevol\/general\/els-de-quart-visitem-la-biblioteca-municipal\/\" title=\"Read ELS DE QUART VISITEM  LA BIBLIOTECA MUNICIPAL\">Llegeix m\u00e9s\u00bb<\/a><\/p>\n","protected":false},"author":1,"featured_media":0,"comment_status":"open","ping_status":"open","sticky":false,"template":"","format":"standard","meta":{"_bbp_topic_count":0,"_bbp_reply_count":0,"_bbp_total_topic_count":0,"_bbp_total_reply_count":0,"_bbp_voice_count":0,"_bbp_anonymous_reply_count":0,"_bbp_topic_count_hidden":0,"_bbp_reply_count_hidden":0,"_bbp_forum_subforum_count":0,"footnotes":""},"categories":[12,1],"tags":[67,69,76,133,16],"class_list":["post-1956","post","type-post","status-publish","format-standard","hentry","category-3r","category-general","tag-biblioteca","tag-cambrils","tag-cicle-mitja","tag-llibres","tag-sortides"],"post_mailing_queue_ids":[],"_links":{"self":[{"href":"https:\/\/agora.xtec.cat\/escjoanardevol\/wp-json\/wp\/v2\/posts\/1956","targetHints":{"allow":["GET"]}}],"collection":[{"href":"https:\/\/agora.xtec.cat\/escjoanardevol\/wp-json\/wp\/v2\/posts"}],"about":[{"href":"https:\/\/agora.xtec.cat\/escjoanardevol\/wp-json\/wp\/v2\/types\/post"}],"author":[{"embeddable":true,"href":"https:\/\/agora.xtec.cat\/escjoanardevol\/wp-json\/wp\/v2\/users\/1"}],"replies":[{"embeddable":true,"href":"https:\/\/agora.xtec.cat\/escjoanardevol\/wp-json\/wp\/v2\/comments?post=1956"}],"version-history":[{"count":0,"href":"https:\/\/agora.xtec.cat\/escjoanardevol\/wp-json\/wp\/v2\/posts\/1956\/revisions"}],"wp:attachment":[{"href":"https:\/\/agora.xtec.cat\/escjoanardevol\/wp-json\/wp\/v2\/media?parent=1956"}],"wp:term":[{"taxonomy":"category","embeddable":true,"href":"https:\/\/agora.xtec.cat\/escjoanardevol\/wp-json\/wp\/v2\/categories?post=1956"},{"taxonomy":"post_tag","embeddable":true,"href":"https:\/\/agora.xtec.cat\/escjoanardevol\/wp-json\/wp\/v2\/tags?post=1956"}],"curies":[{"name":"wp","href":"https:\/\/api.w.org\/{rel}","templated":true}]}}