{"id":1943,"date":"2014-01-29T11:33:46","date_gmt":"2014-01-29T11:33:46","guid":{"rendered":"http:\/\/joanardevol.org\/info\/?p=1943"},"modified":"2014-01-29T11:33:46","modified_gmt":"2014-01-29T11:33:46","slug":"el-pitus-concurs","status":"publish","type":"post","link":"https:\/\/agora.xtec.cat\/escjoanardevol\/general\/el-pitus-concurs\/","title":{"rendered":"El Pitus Concurs!"},"content":{"rendered":"<h4>Des de la biblioteca escolar s&#8217;ha proposat als nens i nenes m\u00e9s grans del centre que participin al <em><span style=\"color: #ff6600;\">&#8220;Pitus Concurs&#8221;<span style=\"color: #000000;\">.<\/span><\/span><\/em><\/h4>\n<p>Aquest concurs pret\u00e9n fomentar l&#8217;h\u00e0bit de la lectura entre els nens i nenes de Cicle Superior de l&#8217;escola. Cada alumne que vulgui participar, nom\u00e9s cal que llegeixi dos llibres de la col\u00b7lecci\u00f3 &#8220;Els Grumets&#8221; de l&#8217;editorial La Galera. Un cop feta la lectura, ha d&#8217;emplenar la butlleta de participaci\u00f3 al Concurs i tot seguit, dipositar-la a l&#8217;urna que trobaran a la biblioteca. La data l\u00edmit de participaci\u00f3 \u00e9s el dia 28 de mar\u00e7, moment en qu\u00e8 no s&#8217;acceptaran m\u00e9s butlletes de participaci\u00f3. La comissi\u00f3 de biblioteca de l&#8217;escola, revisar\u00e0 totes les butlletes que hi hagi a l&#8217;interior de l&#8217;urna de manera que s&#8217;asseguri que tots els nens i nenes participants, han complert les bases del concurs.<\/p>\n<p><a href=\"http:\/\/agora.xtec.cat\/escjoanardevol\/wp-content\/uploads\/usu550\/2014\/01\/2014-01-29-11.40.40.jpg\"><img loading=\"lazy\" decoding=\"async\" class=\" wp-image-1945 alignright\" alt=\"2014-01-29 11.40.40\" src=\"http:\/\/agora.xtec.cat\/escjoanardevol\/wp-content\/uploads\/usu550\/2014\/01\/2014-01-29-11.40.40-225x300.jpg\" width=\"250\" height=\"333\" srcset=\"https:\/\/agora.xtec.cat\/escjoanardevol\/wp-content\/uploads\/usu550\/2014\/01\/2014-01-29-11.40.40-225x300.jpg 225w, https:\/\/agora.xtec.cat\/escjoanardevol\/wp-content\/uploads\/usu550\/2014\/01\/2014-01-29-11.40.40-768x1024.jpg 768w\" sizes=\"auto, (max-width: 250px) 100vw, 250px\" \/><\/a>El dia de Sant Jordi, aprofitant la celebraci\u00f3 dels Jocs Florals del centre, una m\u00e0 innocent extraur\u00e0 a l&#8217;atzar una de les butlletes de l&#8217;urna el propietari o propiet\u00e0ria de la qual ser\u00e0 el guanyador o guanyadora del &#8220;Pitus Concurs&#8221;. El premi \u00e9s un magn\u00edfic lot de material escolar per al proper curs 2014-2015.<\/p>\n<p>No hi ha l\u00edmit de participacions per alumne de manera que aquell nen o nena que llegeixi m\u00e9s llibres, tindr\u00e0 m\u00e9s probabilitats de guanyar.<\/p>\n<p>Us animem a fer unes bones i entretingudes lectures a casa i a omplir tantes butlletes com vulgueu!\u00a0Qui sap si tu pots ser el guanyador o la guanyadora! Us esperem a la biblioteca.<\/p>\n<p>&nbsp;<\/p>\n","protected":false},"excerpt":{"rendered":"<p>Des de la biblioteca escolar s&#8217;ha proposat als nens i nenes m\u00e9s grans del centre que participin al &#8220;Pitus Concurs&#8221;.<br \/>\nAquest concurs pret\u00e9n fomentar l&#8217;h\u00e0bit de la lectura entre els nens i nenes de Cicle Superior de l&#8217;escola. Cada alumne que vulgui participar, nom\u00e9s cal que&hellip;  <a href=\"https:\/\/agora.xtec.cat\/escjoanardevol\/general\/el-pitus-concurs\/\" title=\"Read El Pitus Concurs!\">Llegeix m\u00e9s\u00bb<\/a><\/p>\n","protected":false},"author":1,"featured_media":0,"comment_status":"open","ping_status":"open","sticky":false,"template":"","format":"standard","meta":{"_bbp_topic_count":0,"_bbp_reply_count":0,"_bbp_total_topic_count":0,"_bbp_total_reply_count":0,"_bbp_voice_count":0,"_bbp_anonymous_reply_count":0,"_bbp_topic_count_hidden":0,"_bbp_reply_count_hidden":0,"_bbp_forum_subforum_count":0,"footnotes":""},"categories":[14,1],"tags":[67,88,130,155,191],"class_list":["post-1943","post","type-post","status-publish","format-standard","hentry","category-5e","category-general","tag-biblioteca","tag-concurs","tag-lectura","tag-pitus","tag-zoo"],"post_mailing_queue_ids":[],"_links":{"self":[{"href":"https:\/\/agora.xtec.cat\/escjoanardevol\/wp-json\/wp\/v2\/posts\/1943","targetHints":{"allow":["GET"]}}],"collection":[{"href":"https:\/\/agora.xtec.cat\/escjoanardevol\/wp-json\/wp\/v2\/posts"}],"about":[{"href":"https:\/\/agora.xtec.cat\/escjoanardevol\/wp-json\/wp\/v2\/types\/post"}],"author":[{"embeddable":true,"href":"https:\/\/agora.xtec.cat\/escjoanardevol\/wp-json\/wp\/v2\/users\/1"}],"replies":[{"embeddable":true,"href":"https:\/\/agora.xtec.cat\/escjoanardevol\/wp-json\/wp\/v2\/comments?post=1943"}],"version-history":[{"count":0,"href":"https:\/\/agora.xtec.cat\/escjoanardevol\/wp-json\/wp\/v2\/posts\/1943\/revisions"}],"wp:attachment":[{"href":"https:\/\/agora.xtec.cat\/escjoanardevol\/wp-json\/wp\/v2\/media?parent=1943"}],"wp:term":[{"taxonomy":"category","embeddable":true,"href":"https:\/\/agora.xtec.cat\/escjoanardevol\/wp-json\/wp\/v2\/categories?post=1943"},{"taxonomy":"post_tag","embeddable":true,"href":"https:\/\/agora.xtec.cat\/escjoanardevol\/wp-json\/wp\/v2\/tags?post=1943"}],"curies":[{"name":"wp","href":"https:\/\/api.w.org\/{rel}","templated":true}]}}