{"id":1883,"date":"2013-11-29T21:01:32","date_gmt":"2013-11-29T21:01:32","guid":{"rendered":"http:\/\/joanardevol.org\/info\/?p=1883"},"modified":"2013-11-29T21:01:32","modified_gmt":"2013-11-29T21:01:32","slug":"festa-del-color-vermell","status":"publish","type":"post","link":"https:\/\/agora.xtec.cat\/escjoanardevol\/general\/festa-del-color-vermell\/","title":{"rendered":"Festa del color vermell"},"content":{"rendered":"<p>El dimecres, 27 de novembre, vam celebrar la festa del color <strong><span style=\"color: #ff0000;\">VERMELL<\/span><\/strong>.<\/p>\n<p>Va ser una gran jornada i \u00e9s un bon moment per veure com els nens i les nenes de P3 ja estan perfectament adaptats a la nostra escola i estan aprenent moltes coses a bon ritme.<\/p>\n<p>La festa la vam compartir amb la <strong>Llar d&#8217;infants Dolors Medina.<\/strong>\u00a0Ens van acompanyar amb les nenes i nens de P2, amb mestres, avis, pares i mares.<\/p>\n<p>Al comen\u00e7ament la Isabel i la N\u00faria ens van fer un petit espectacle de m\u00e0gia que va tenir de tot: m\u00fasica, can\u00e7ons, voluntaris&#8230; En acabar, els de P3 van cantar la can\u00e7\u00f3 del vermell i despr\u00e9s vam anar cap a les aules al berenar que ens va oferir l&#8217;AMPA. Un berenar on tot era de color vermell!!! Estem molt contents perqu\u00e8 ens agrada que les fam\u00edlies entrin a l&#8217;escola per veure qu\u00e8 estem treballant i ho celebrem.<\/p>\n<p>&nbsp;<embed type=\"application\/x-shockwave-flash\" src=\"https:\/\/static.googleusercontent.com\/external_content\/picasaweb.googleusercontent.com\/slideshow.swf\" width=\"600\" height=\"400\" flashvars=\"host=picasaweb.google.com&#038;hl=ca&#038;feat=flashalbum&#038;RGB=0x000000&#038;feed=https%3A%2F%2Fpicasaweb.google.com%2Fdata%2Ffeed%2Fapi%2Fuser%2F104441221767343032393%2Falbumid%2F5951661041033247873%3Falt%3Drss%26kind%3Dphoto%26hl%3Dca\" pluginspage=\"http:\/\/www.macromedia.com\/go\/getflashplayer\"><\/embed><\/p>\n","protected":false},"excerpt":{"rendered":"<p>El dimecres, 27 de novembre, vam celebrar la festa del color VERMELL.<br \/>\nVa ser una gran jornada i \u00e9s un bon moment per veure com els nens i les nenes de P3 ja estan perfectament adaptats a la nostra escola i estan aprenent moltes coses a&hellip;  <a href=\"https:\/\/agora.xtec.cat\/escjoanardevol\/general\/festa-del-color-vermell\/\" title=\"Read Festa del color vermell\">Llegeix m\u00e9s\u00bb<\/a><\/p>\n","protected":false},"author":1,"featured_media":0,"comment_status":"open","ping_status":"open","sticky":false,"template":"","format":"standard","meta":{"_bbp_topic_count":0,"_bbp_reply_count":0,"_bbp_total_topic_count":0,"_bbp_total_reply_count":0,"_bbp_voice_count":0,"_bbp_anonymous_reply_count":0,"_bbp_topic_count_hidden":0,"_bbp_reply_count_hidden":0,"_bbp_forum_subforum_count":0,"footnotes":""},"categories":[1,2],"tags":[59,103,115],"class_list":["post-1883","post","type-post","status-publish","format-standard","hentry","category-general","category-infantil","tag-activitats","tag-educacio-infantil","tag-festes"],"post_mailing_queue_ids":[],"_links":{"self":[{"href":"https:\/\/agora.xtec.cat\/escjoanardevol\/wp-json\/wp\/v2\/posts\/1883","targetHints":{"allow":["GET"]}}],"collection":[{"href":"https:\/\/agora.xtec.cat\/escjoanardevol\/wp-json\/wp\/v2\/posts"}],"about":[{"href":"https:\/\/agora.xtec.cat\/escjoanardevol\/wp-json\/wp\/v2\/types\/post"}],"author":[{"embeddable":true,"href":"https:\/\/agora.xtec.cat\/escjoanardevol\/wp-json\/wp\/v2\/users\/1"}],"replies":[{"embeddable":true,"href":"https:\/\/agora.xtec.cat\/escjoanardevol\/wp-json\/wp\/v2\/comments?post=1883"}],"version-history":[{"count":0,"href":"https:\/\/agora.xtec.cat\/escjoanardevol\/wp-json\/wp\/v2\/posts\/1883\/revisions"}],"wp:attachment":[{"href":"https:\/\/agora.xtec.cat\/escjoanardevol\/wp-json\/wp\/v2\/media?parent=1883"}],"wp:term":[{"taxonomy":"category","embeddable":true,"href":"https:\/\/agora.xtec.cat\/escjoanardevol\/wp-json\/wp\/v2\/categories?post=1883"},{"taxonomy":"post_tag","embeddable":true,"href":"https:\/\/agora.xtec.cat\/escjoanardevol\/wp-json\/wp\/v2\/tags?post=1883"}],"curies":[{"name":"wp","href":"https:\/\/api.w.org\/{rel}","templated":true}]}}