{"id":1865,"date":"2013-11-20T11:31:16","date_gmt":"2013-11-20T11:31:16","guid":{"rendered":"http:\/\/joanardevol.org\/info\/?p=1865"},"modified":"2013-11-20T11:31:16","modified_gmt":"2013-11-20T11:31:16","slug":"3r-al-moli-de-les-tres-eres","status":"publish","type":"post","link":"https:\/\/agora.xtec.cat\/escjoanardevol\/general\/3r-al-moli-de-les-tres-eres\/","title":{"rendered":"3r al Mol\u00ed de les tres eres"},"content":{"rendered":"<div>\n<div>Els nens i nenes de tercer vam anar a veure el Mol\u00ed de les Tres Eres de Cambrils.<\/div>\n<p>El director del museu, el sr. Gerard Mart\u00ed, ens va fer de monitor i ens va explicar i ensenyar el mol\u00ed de blat que funcionava amb la for\u00e7a de l&#8217;aigua i ens ho va demostrar. Ens va sorprendre molt que l&#8217;aigua mogu\u00e9s el mol\u00ed. Va ser divertit. El Sr Gerard ens va felicitar del bon comportament. Vam marxar molt contents.<\/p>\n<\/div>\n<div><\/div>\n<div>[nggallery id=11]<\/div>\n<div><\/div>\n<div>Si voleu veure la resta de fotos, feu clic <a href=\"https:\/\/picasaweb.google.com\/104441221767343032393\/3rMoliDeLes3Eres#\" target=\"_blank\">aqu\u00ed<\/a>.<\/div>\n","protected":false},"excerpt":{"rendered":"<p>Els nens i nenes de tercer vam anar a veure el Mol\u00ed de les Tres Eres de Cambrils.<br \/>\nEl director del museu, el sr. Gerard Mart\u00ed, ens va fer de monitor i ens va explicar i ensenyar el mol\u00ed de blat que funcionava amb la for\u00e7a&hellip;  <a href=\"https:\/\/agora.xtec.cat\/escjoanardevol\/general\/3r-al-moli-de-les-tres-eres\/\" title=\"Read 3r al Mol\u00ed de les tres eres\">Llegeix m\u00e9s\u00bb<\/a><\/p>\n","protected":false},"author":1,"featured_media":0,"comment_status":"open","ping_status":"open","sticky":false,"template":"","format":"standard","meta":{"_bbp_topic_count":0,"_bbp_reply_count":0,"_bbp_total_topic_count":0,"_bbp_total_reply_count":0,"_bbp_voice_count":0,"_bbp_anonymous_reply_count":0,"_bbp_topic_count_hidden":0,"_bbp_reply_count_hidden":0,"_bbp_forum_subforum_count":0,"footnotes":""},"categories":[12,1],"tags":[69,76,144,16],"class_list":["post-1865","post","type-post","status-publish","format-standard","hentry","category-3r","category-general","tag-cambrils","tag-cicle-mitja","tag-museus","tag-sortides"],"post_mailing_queue_ids":[],"_links":{"self":[{"href":"https:\/\/agora.xtec.cat\/escjoanardevol\/wp-json\/wp\/v2\/posts\/1865","targetHints":{"allow":["GET"]}}],"collection":[{"href":"https:\/\/agora.xtec.cat\/escjoanardevol\/wp-json\/wp\/v2\/posts"}],"about":[{"href":"https:\/\/agora.xtec.cat\/escjoanardevol\/wp-json\/wp\/v2\/types\/post"}],"author":[{"embeddable":true,"href":"https:\/\/agora.xtec.cat\/escjoanardevol\/wp-json\/wp\/v2\/users\/1"}],"replies":[{"embeddable":true,"href":"https:\/\/agora.xtec.cat\/escjoanardevol\/wp-json\/wp\/v2\/comments?post=1865"}],"version-history":[{"count":0,"href":"https:\/\/agora.xtec.cat\/escjoanardevol\/wp-json\/wp\/v2\/posts\/1865\/revisions"}],"wp:attachment":[{"href":"https:\/\/agora.xtec.cat\/escjoanardevol\/wp-json\/wp\/v2\/media?parent=1865"}],"wp:term":[{"taxonomy":"category","embeddable":true,"href":"https:\/\/agora.xtec.cat\/escjoanardevol\/wp-json\/wp\/v2\/categories?post=1865"},{"taxonomy":"post_tag","embeddable":true,"href":"https:\/\/agora.xtec.cat\/escjoanardevol\/wp-json\/wp\/v2\/tags?post=1865"}],"curies":[{"name":"wp","href":"https:\/\/api.w.org\/{rel}","templated":true}]}}