{"id":1835,"date":"2013-11-07T18:22:45","date_gmt":"2013-11-07T18:22:45","guid":{"rendered":"http:\/\/joanardevol.org\/info\/?p=1835"},"modified":"2013-11-07T18:22:45","modified_gmt":"2013-11-07T18:22:45","slug":"2n-visita-lexposicio-ornitologica","status":"publish","type":"post","link":"https:\/\/agora.xtec.cat\/escjoanardevol\/general\/2n-visita-lexposicio-ornitologica\/","title":{"rendered":"2n visita l&#8217;exposici\u00f3 ornitol\u00f2gica"},"content":{"rendered":"<p><span style=\"font-family: Arial, sans-serif;\">Els nens i les nenes de segon vam fer una sortida amb el trenet per veure una exposici\u00f3 ornitol\u00f2gica. Vam veure un munt de canaris de diferents pa\u00efsos, amb colors i plomes espectaculars! \u00a0<\/span><\/p>\n<p>&nbsp;<\/p>\n<table style=\"width: auto;\">\n<tbody>\n<tr>\n<td><a href=\"https:\/\/picasaweb.google.com\/104441221767343032393\/2nEXPOOrnitologica\" target=\"_blank\"><img loading=\"lazy\" decoding=\"async\" alt=\"\" src=\"https:\/\/lh5.googleusercontent.com\/-A-hZezWN4cQ\/UnoLeTV9hEI\/AAAAAAAAAXI\/5HArto9mR-M\/s400\/SORTIDA%2520EXPOSICIO%2520ORNITOLOGICA%2520037.jpg\" width=\"600\" height=\"439\" \/><\/a><\/td>\n<\/tr>\n<tr>\n<td style=\"font-family: arial,sans-serif; font-size: 11px; text-align: right;\">De <a href=\"https:\/\/picasaweb.google.com\/104441221767343032393\/2nEXPOOrnitologica?authuser=0&amp;feat=embedwebsite\">2n EXPO ornitologica<\/a><\/td>\n<\/tr>\n<\/tbody>\n<\/table>\n","protected":false},"excerpt":{"rendered":"<p>Els nens i les nenes de segon vam fer una sortida amb el trenet per veure una exposici\u00f3 ornitol\u00f2gica. Vam veure un munt de canaris de diferents pa\u00efsos, amb colors i plomes espectaculars! \u00a0<br \/>\n&nbsp;<\/p>\n<p><a href=\"https:\/\/picasaweb.google.com\/104441221767343032393\/2nEXPOOrnitologica\" target=\"_blank\"><\/a><\/p>\n<p>De <a href=\"https:\/\/picasaweb.google.com\/104441221767343032393\/2nEXPOOrnitologica?authuser=0&amp;feat=embedwebsite\">2n EXPO ornitologica<\/a><\/p>\n","protected":false},"author":1,"featured_media":0,"comment_status":"open","ping_status":"open","sticky":false,"template":"","format":"standard","meta":{"_bbp_topic_count":0,"_bbp_reply_count":0,"_bbp_total_topic_count":0,"_bbp_total_reply_count":0,"_bbp_voice_count":0,"_bbp_anonymous_reply_count":0,"_bbp_topic_count_hidden":0,"_bbp_reply_count_hidden":0,"_bbp_forum_subforum_count":0,"footnotes":""},"categories":[10,1],"tags":[75,16],"class_list":["post-1835","post","type-post","status-publish","format-standard","hentry","category-1r","category-general","tag-cicle-inicial","tag-sortides"],"post_mailing_queue_ids":[],"_links":{"self":[{"href":"https:\/\/agora.xtec.cat\/escjoanardevol\/wp-json\/wp\/v2\/posts\/1835","targetHints":{"allow":["GET"]}}],"collection":[{"href":"https:\/\/agora.xtec.cat\/escjoanardevol\/wp-json\/wp\/v2\/posts"}],"about":[{"href":"https:\/\/agora.xtec.cat\/escjoanardevol\/wp-json\/wp\/v2\/types\/post"}],"author":[{"embeddable":true,"href":"https:\/\/agora.xtec.cat\/escjoanardevol\/wp-json\/wp\/v2\/users\/1"}],"replies":[{"embeddable":true,"href":"https:\/\/agora.xtec.cat\/escjoanardevol\/wp-json\/wp\/v2\/comments?post=1835"}],"version-history":[{"count":0,"href":"https:\/\/agora.xtec.cat\/escjoanardevol\/wp-json\/wp\/v2\/posts\/1835\/revisions"}],"wp:attachment":[{"href":"https:\/\/agora.xtec.cat\/escjoanardevol\/wp-json\/wp\/v2\/media?parent=1835"}],"wp:term":[{"taxonomy":"category","embeddable":true,"href":"https:\/\/agora.xtec.cat\/escjoanardevol\/wp-json\/wp\/v2\/categories?post=1835"},{"taxonomy":"post_tag","embeddable":true,"href":"https:\/\/agora.xtec.cat\/escjoanardevol\/wp-json\/wp\/v2\/tags?post=1835"}],"curies":[{"name":"wp","href":"https:\/\/api.w.org\/{rel}","templated":true}]}}