{"id":1831,"date":"2013-11-06T15:58:39","date_gmt":"2013-11-06T15:58:39","guid":{"rendered":"http:\/\/joanardevol.org\/info\/?p=1831"},"modified":"2013-11-06T15:58:39","modified_gmt":"2013-11-06T15:58:39","slug":"sortida-a-la-llosa","status":"publish","type":"post","link":"https:\/\/agora.xtec.cat\/escjoanardevol\/general\/sortida-a-la-llosa\/","title":{"rendered":"Sortida a la Llosa"},"content":{"rendered":"<p>Els dies 5 i 6 de novembre els alumnes de 4t vam realitzar l\u2019activitat &#8220;Toquem els romans&#8221;, inclosa en la proposta de visites dinamitzades, <em>Descobreix Cambrils<\/em> 2013. Primerament vam visitar la vil\u00b7la romana de la Llosa, per tal d\u2019observar la distribuci\u00f3 de les diferents estances de la finca i descobrir d\u2019aquesta manera com era la vida dels antics romans que l\u2019habitaven. Tot seguit vam anar al museu del Mol\u00ed de les Tres Eres, on vam poder veure diferents objectes trobats en el jaciment de la Llosa, com peces de bronze, cer\u00e0mica, restes de decoracions pict\u00f2riques, etc.<\/p>\n<p>Ha estat una activitat molt interessant perqu\u00e8 hem apr\u00e8s moltes coses del passat de la nostra ciutat.<\/p>\n<p>&nbsp;<\/p>\n<pre><embed type=\"application\/x-shockwave-flash\" src=\"https:\/\/static.googleusercontent.com\/external_content\/picasaweb.googleusercontent.com\/slideshow.swf\" width=\"600\" height=\"400\" flashvars=\"host=picasaweb.google.com&#038;hl=ca&#038;feat=flashalbum&#038;RGB=0x000000&#038;feed=https%3A%2F%2Fpicasaweb.google.com%2Fdata%2Ffeed%2Fapi%2Fuser%2F104441221767343032393%2Falbumid%2F5943178650221242337%3Falt%3Drss%26kind%3Dphoto%26hl%3Dca\" pluginspage=\"http:\/\/www.macromedia.com\/go\/getflashplayer\"><\/embed><\/pre>\n","protected":false},"excerpt":{"rendered":"<p>Els dies 5 i 6 de novembre els alumnes de 4t vam realitzar l\u2019activitat &#8220;Toquem els romans&#8221;, inclosa en la proposta de visites dinamitzades, Descobreix Cambrils 2013. Primerament vam visitar la vil\u00b7la romana de la Llosa, per tal d\u2019observar la distribuci\u00f3 de les diferents estances&hellip;  <a href=\"https:\/\/agora.xtec.cat\/escjoanardevol\/general\/sortida-a-la-llosa\/\" title=\"Read Sortida a la Llosa\">Llegeix m\u00e9s\u00bb<\/a><\/p>\n","protected":false},"author":1,"featured_media":0,"comment_status":"open","ping_status":"open","sticky":false,"template":"","format":"standard","meta":{"_bbp_topic_count":0,"_bbp_reply_count":0,"_bbp_total_topic_count":0,"_bbp_total_reply_count":0,"_bbp_voice_count":0,"_bbp_anonymous_reply_count":0,"_bbp_topic_count_hidden":0,"_bbp_reply_count_hidden":0,"_bbp_forum_subforum_count":0,"footnotes":""},"categories":[12,1],"tags":[69,76,140,16],"class_list":["post-1831","post","type-post","status-publish","format-standard","hentry","category-3r","category-general","tag-cambrils","tag-cicle-mitja","tag-medi","tag-sortides"],"post_mailing_queue_ids":[],"_links":{"self":[{"href":"https:\/\/agora.xtec.cat\/escjoanardevol\/wp-json\/wp\/v2\/posts\/1831","targetHints":{"allow":["GET"]}}],"collection":[{"href":"https:\/\/agora.xtec.cat\/escjoanardevol\/wp-json\/wp\/v2\/posts"}],"about":[{"href":"https:\/\/agora.xtec.cat\/escjoanardevol\/wp-json\/wp\/v2\/types\/post"}],"author":[{"embeddable":true,"href":"https:\/\/agora.xtec.cat\/escjoanardevol\/wp-json\/wp\/v2\/users\/1"}],"replies":[{"embeddable":true,"href":"https:\/\/agora.xtec.cat\/escjoanardevol\/wp-json\/wp\/v2\/comments?post=1831"}],"version-history":[{"count":0,"href":"https:\/\/agora.xtec.cat\/escjoanardevol\/wp-json\/wp\/v2\/posts\/1831\/revisions"}],"wp:attachment":[{"href":"https:\/\/agora.xtec.cat\/escjoanardevol\/wp-json\/wp\/v2\/media?parent=1831"}],"wp:term":[{"taxonomy":"category","embeddable":true,"href":"https:\/\/agora.xtec.cat\/escjoanardevol\/wp-json\/wp\/v2\/categories?post=1831"},{"taxonomy":"post_tag","embeddable":true,"href":"https:\/\/agora.xtec.cat\/escjoanardevol\/wp-json\/wp\/v2\/tags?post=1831"}],"curies":[{"name":"wp","href":"https:\/\/api.w.org\/{rel}","templated":true}]}}